{"id":68604,"date":"2024-05-21T22:27:29","date_gmt":"2024-05-22T04:27:29","guid":{"rendered":"https:\/\/zonaroja.com.mx\/?p=68604"},"modified":"2024-05-21T22:27:31","modified_gmt":"2024-05-22T04:27:31","slug":"hallan-a-decapitado-en-el-istmo-y-matan-a-ex-presidiario-en-la-costa-de-oaxaca","status":"publish","type":"post","link":"https:\/\/zonaroja.com.mx\/?p=68604","title":{"rendered":"Hallan a decapitado en el Istmo y matan a ex presidiario en la Costa de Oaxaca"},"content":{"rendered":"\n<p>Raymundo Morales\/Zona Roja.<\/p>\n\n\n\n<p>Oaxaca de Ju\u00e1rez, Oax., a 21 de mayo de 2024.- Una persona del sexo masculino decapitada fue hallada hoy en&nbsp; El Ajal, localidad del municipio de El Barrio La Soledad, en la regi\u00f3n del Istmo.&nbsp;<\/p>\n\n\n\n<p>Hasta esta noche se desconoce la identidad de la v\u00edctima y la Vicefiscal\u00eda Regional del Istmo indaga el caso, para esclarecer y procurar justicia.<\/p>\n\n\n\n<p>En tanto que en pleno centro de San Pedro Pochutla, un hombre fue asesinado a balazos y otro m\u00e1s fue herido de gravedad.<\/p>\n\n\n\n<p>Los hechos ocurrieron en un domicilio de la calle 5 de Mayo, donde presuntos sicarios ejecutaron a Rodrigo H. C., quien reci\u00e9n hab\u00eda obtenido su libertad, tras purgar una condena como uno de los responsables del asesinato de Nah\u00fam Carre\u00f1o V\u00e1squez.<\/p>\n\n\n\n<p>Uno de sus familiares tambi\u00e9n result\u00f3 lesionado y contin\u00faa hospitalizado; la Vicefiscal\u00eda Regional de la Costa inici\u00f3 las labores de investigaci\u00f3n pero hubo resistencia por parte de los familiares.<\/p>\n\n\n\n<p>A su vez anoche, en Puerto Escondido, destino tur\u00edstico de la Costa, fue asesinado un empresario due\u00f1o de un establecimiento nocturno.<\/p>\n\n\n\n<p>El hombre respondi\u00f3 en vida como Feliciano V. E., y fue acribillado en el interior del bar \u201cPez Vela\u201d, ubicado en la calle Segunda Oriente.<\/p>\n\n\n\n<p>En los tres casos las autoridades policiacas no reportan personas detenidas.<\/p>\n","protected":false},"excerpt":{"rendered":"<p>Raymundo Morales\/Zona Roja. Oaxaca de Ju\u00e1rez, Oax., a 21 de mayo de 2024.- Una persona&hellip;<\/p>\n","protected":false},"author":2,"featured_media":68605,"comment_status":"closed","ping_status":"open","sticky":false,"template":"","format":"standard","meta":{"_lmt_disableupdate":"","_lmt_disable":"","_jetpack_memberships_contains_paid_content":false,"footnotes":""},"categories":[109,51],"tags":[1384,151],"class_list":["post-68604","post","type-post","status-publish","format-standard","has-post-thumbnail","hentry","category-minuto-a-minuto","category-zona-roja","tag-el-barrio-la-soledad","tag-san-pedro-pochutla"],"jetpack_featured_media_url":"https:\/\/zonaroja.com.mx\/wp-content\/uploads\/2024\/05\/Decapitado-en-El-Ajal-Barrio-La-Soledad.jpeg","jetpack_sharing_enabled":true,"_links":{"self":[{"href":"https:\/\/zonaroja.com.mx\/index.php?rest_route=\/wp\/v2\/posts\/68604","targetHints":{"allow":["GET"]}}],"collection":[{"href":"https:\/\/zonaroja.com.mx\/index.php?rest_route=\/wp\/v2\/posts"}],"about":[{"href":"https:\/\/zonaroja.com.mx\/index.php?rest_route=\/wp\/v2\/types\/post"}],"author":[{"embeddable":true,"href":"https:\/\/zonaroja.com.mx\/index.php?rest_route=\/wp\/v2\/users\/2"}],"replies":[{"embeddable":true,"href":"https:\/\/zonaroja.com.mx\/index.php?rest_route=%2Fwp%2Fv2%2Fcomments&post=68604"}],"version-history":[{"count":1,"href":"https:\/\/zonaroja.com.mx\/index.php?rest_route=\/wp\/v2\/posts\/68604\/revisions"}],"predecessor-version":[{"id":68606,"href":"https:\/\/zonaroja.com.mx\/index.php?rest_route=\/wp\/v2\/posts\/68604\/revisions\/68606"}],"wp:featuredmedia":[{"embeddable":true,"href":"https:\/\/zonaroja.com.mx\/index.php?rest_route=\/wp\/v2\/media\/68605"}],"wp:attachment":[{"href":"https:\/\/zonaroja.com.mx\/index.php?rest_route=%2Fwp%2Fv2%2Fmedia&parent=68604"}],"wp:term":[{"taxonomy":"category","embeddable":true,"href":"https:\/\/zonaroja.com.mx\/index.php?rest_route=%2Fwp%2Fv2%2Fcategories&post=68604"},{"taxonomy":"post_tag","embeddable":true,"href":"https:\/\/zonaroja.com.mx\/index.php?rest_route=%2Fwp%2Fv2%2Ftags&post=68604"}],"curies":[{"name":"wp","href":"https:\/\/api.w.org\/{rel}","templated":true}]}}