{"id":68610,"date":"2024-05-22T06:56:35","date_gmt":"2024-05-22T12:56:35","guid":{"rendered":"https:\/\/zonaroja.com.mx\/?p=68610"},"modified":"2024-05-22T06:56:37","modified_gmt":"2024-05-22T12:56:37","slug":"respaldan-en-tlaxiaco-a-edgardo-acevedo-como-proximo-edil","status":"publish","type":"post","link":"https:\/\/zonaroja.com.mx\/?p=68610","title":{"rendered":"Respaldan en Tlaxiaco a Edgardo Acevedo como pr\u00f3ximo edil"},"content":{"rendered":"\n<p>Raymundo Morales\/Zona Roja.<\/p>\n\n\n\n<p>Oaxaca de Ju\u00e1rez, Oax., a 22 de mayo de 2024.- Cientos de personas reiteraron su respaldo a Edgardo Acevedo L\u00f3pez como candidato del Partido Unidad Popular a presidente municipal de la Heroica Ciudad de Tlaxiaco.<\/p>\n\n\n\n<p>Y es que su historia personal y su compromiso con la comunidad est\u00e1n resonando fuertemente entre los ciudadanos.<\/p>\n\n\n\n<p>Ayer el aspirante a edil recorri\u00f3 calles de la cabecera y de las colonias para garantizar que encabezar\u00e1 un gobierno municipal para todos, sin distingos de ning\u00fan tipo.<\/p>\n\n\n\n<p>Edgardo Acevedo, hijo del recordado profesor \u00c1lvaro Acevedo Garc\u00eda, comparti\u00f3 con los vecinos de la colonia del Valle recuerdos de su infancia. Aquellos d\u00edas en los que su padre lo llevaba a los tequios, donde junto con los habitantes, contribuyeron con recursos propios para mejorar la zona durante a\u00f1os. Esta conexi\u00f3n con la comunidad es la base de su liderazgo.<\/p>\n\n\n\n<p>Durante su gira, Acevedo no solo camina las calles, sino que tambi\u00e9n escucha. Las necesidades m\u00e1s sentidas de la poblaci\u00f3n son su prioridad. No es solo un candidato, sino alguien que comprende las realidades locales y se compromete a actuar en consecuencia.<\/p>\n\n\n\n<p>La planilla de Edgardo Acevedo es diversa y representativa. Incluye tanto a profesionistas como a personas del pueblo. Esto demuestra su visi\u00f3n inclusiva y su deseo de construir un gobierno que refleje a todos los ciudadanos.<\/p>\n\n\n\n<p>En cada encuentro, la nostalgia se mezcla con la esperanza. Los vecinos agradecen su presencia, recordando el apoyo que brind\u00f3 cuando trabajaba en la radio. Esa voz que ahora busca liderar como presidente municipal, respondiendo a las peticiones y generando respuestas concretas.<\/p>\n\n\n\n<p>\u201cEl 2 de junio, los ciudadanos de Tlaxiaco tienen una oportunidad. La oportunidad de votar a favor de Edgardo Acevedo, un l\u00edder comprometido con la comunidad. Su voz es la voz del pueblo, y su visi\u00f3n es la que puede transformar la ciudad\u201d, remarcaron sus seguidores.<\/p>\n","protected":false},"excerpt":{"rendered":"<p>Raymundo Morales\/Zona Roja. Oaxaca de Ju\u00e1rez, Oax., a 22 de mayo de 2024.- Cientos de&hellip;<\/p>\n","protected":false},"author":2,"featured_media":68611,"comment_status":"closed","ping_status":"open","sticky":false,"template":"","format":"standard","meta":{"_lmt_disableupdate":"","_lmt_disable":"","_jetpack_memberships_contains_paid_content":false,"footnotes":""},"categories":[109,46],"tags":[3944,643],"class_list":["post-68610","post","type-post","status-publish","format-standard","has-post-thumbnail","hentry","category-minuto-a-minuto","category-zona-blanca","tag-edgardo-acevedo-lopez","tag-heroica-ciudad-de-tlaxiaco"],"jetpack_featured_media_url":"https:\/\/zonaroja.com.mx\/wp-content\/uploads\/2024\/05\/Edgardo-Acevedo-Lopez.jpg","jetpack_sharing_enabled":true,"_links":{"self":[{"href":"https:\/\/zonaroja.com.mx\/index.php?rest_route=\/wp\/v2\/posts\/68610","targetHints":{"allow":["GET"]}}],"collection":[{"href":"https:\/\/zonaroja.com.mx\/index.php?rest_route=\/wp\/v2\/posts"}],"about":[{"href":"https:\/\/zonaroja.com.mx\/index.php?rest_route=\/wp\/v2\/types\/post"}],"author":[{"embeddable":true,"href":"https:\/\/zonaroja.com.mx\/index.php?rest_route=\/wp\/v2\/users\/2"}],"replies":[{"embeddable":true,"href":"https:\/\/zonaroja.com.mx\/index.php?rest_route=%2Fwp%2Fv2%2Fcomments&post=68610"}],"version-history":[{"count":1,"href":"https:\/\/zonaroja.com.mx\/index.php?rest_route=\/wp\/v2\/posts\/68610\/revisions"}],"predecessor-version":[{"id":68612,"href":"https:\/\/zonaroja.com.mx\/index.php?rest_route=\/wp\/v2\/posts\/68610\/revisions\/68612"}],"wp:featuredmedia":[{"embeddable":true,"href":"https:\/\/zonaroja.com.mx\/index.php?rest_route=\/wp\/v2\/media\/68611"}],"wp:attachment":[{"href":"https:\/\/zonaroja.com.mx\/index.php?rest_route=%2Fwp%2Fv2%2Fmedia&parent=68610"}],"wp:term":[{"taxonomy":"category","embeddable":true,"href":"https:\/\/zonaroja.com.mx\/index.php?rest_route=%2Fwp%2Fv2%2Fcategories&post=68610"},{"taxonomy":"post_tag","embeddable":true,"href":"https:\/\/zonaroja.com.mx\/index.php?rest_route=%2Fwp%2Fv2%2Ftags&post=68610"}],"curies":[{"name":"wp","href":"https:\/\/api.w.org\/{rel}","templated":true}]}}