{"id":68617,"date":"2024-05-22T07:36:47","date_gmt":"2024-05-22T13:36:47","guid":{"rendered":"https:\/\/zonaroja.com.mx\/?p=68617"},"modified":"2024-05-22T07:36:49","modified_gmt":"2024-05-22T13:36:49","slug":"va-por-tercer-dia-bloqueo-de-tepelmeme-a-supercarretera-a-mexico","status":"publish","type":"post","link":"https:\/\/zonaroja.com.mx\/?p=68617","title":{"rendered":"Va por tercer d\u00eda bloqueo de Tepelmeme a supercarretera a M\u00e9xico"},"content":{"rendered":"\n<p>Ismael Garc\u00eda M.\/Zona Roja.<\/p>\n\n\n\n<p>Oaxaca de Ju\u00e1rez, Oax. 21 de mayo de 2024.- Habitantes de Tepelmeme Villa de Morelos mantienen por tercer d\u00eda el bloqueo a la supercarretera Oaxaca-Cuacnopalan, a la altura del kil\u00f3metro 113.<\/p>\n\n\n\n<p>Desde el pasado lunes, exigen al gobierno estatal como al federal que se intensifique el combate a un incendio forestal, que amenaza a una reserva natural de la bi\u00f3sfera Cuicatl\u00e1n-Tehuac\u00e1n.<\/p>\n\n\n\n<p>La autoridad estatal de Oaxaca ha insistido en que se brinda todo el apoyo con diversas brigadas a la conflagraci\u00f3n que inici\u00f3 hace tres semanas y que se reactiv\u00f3 en los \u00faltimos d\u00edas.<\/p>\n\n\n\n<p>En un comunicado, inform\u00f3 que a trav\u00e9s de la Comisi\u00f3n Estatal Forestal (Coesfo) atiende la reactivaci\u00f3n del incendio forestal suscitado en el municipio de Tepelmeme, en la regi\u00f3n Mixteca.<\/p>\n\n\n\n<p>\u201cLa conflagraci\u00f3n se registra en una topograf\u00eda compleja, lo que dificulta realizar trabajos terrestres; no obstante, las tareas de brecheo y contrafuego est\u00e1n a cargo de 12 brigadas estatales y federales; cuatro de Coesfo; cinco oficiales y dos rurales de la Comisi\u00f3n Nacional Forestal (Conafor); una de la Comisi\u00f3n Nacional de \u00c1reas Naturales Protegidas (Conanp) y 90 personas comuneras\u201d, detall\u00f3. &nbsp;<\/p>\n\n\n\n<p>Tambi\u00e9n se moviliza la brigada rural de Santa Cruz Itundujia y la de protecci\u00f3n forestal de Sola de Vega, ambas de la Conafor, expuso en un comunicado.<\/p>\n\n\n\n<p>Apunt\u00f3 que este incendio reportado el 4 de mayo, fue atendido de manera inmediata por brigadas de San Juan Bautista Cuicatl\u00e1n y San Francisco Yosocuta de la Coesfo, dos de la Conafor y elementos de la Conanp, as\u00ed como m\u00e1s de 40 personas comuneras y voluntarias.<\/p>\n\n\n\n<p>Esto permiti\u00f3, para el jueves 9 de mayo, contar con el 100 por ciento de control y un avance del 90 por ciento de liquidaci\u00f3n de este siniestro. Despu\u00e9s de realizar recorridos de verificaci\u00f3n, la conflagraci\u00f3n fue entregada a las autoridades correspondientes, a quienes se les exhort\u00f3 a mantener vigilancia en la zona para evitar una nueva reactivaci\u00f3n.<\/p>\n\n\n\n<p>Sin embargo, el 13 de mayo se reactiv\u00f3, por lo que personal de la brigada de combatientes de San Francisco Yosocuta de la Coesfo, elementos de Conanp, dos brigadas de Pagos por Servicios Ambientales (PSA) de Conafor y 50 personas comuneras, se movilizaron a la zona para realizar labores de combate, control y liquidaci\u00f3n.&nbsp;<\/p>\n\n\n\n<p>El 19 de mayo se llev\u00f3 a cabo una mesa de di\u00e1logo entre la Coordinaci\u00f3n de Delegados de Paz Social (CDPaz), representantes de la Coesfo, Conafor y Conanp, as\u00ed como autoridades municipales y agrarias de Tepelmeme Villa de Morelos, en la que se acord\u00f3 el ingreso de brigadas oficiales de combatientes a la zona del incendio forestal.&nbsp;<\/p>\n","protected":false},"excerpt":{"rendered":"<p>Ismael Garc\u00eda M.\/Zona Roja. Oaxaca de Ju\u00e1rez, Oax. 21 de mayo de 2024.- Habitantes de&hellip;<\/p>\n","protected":false},"author":2,"featured_media":68618,"comment_status":"closed","ping_status":"open","sticky":false,"template":"","format":"standard","meta":{"_lmt_disableupdate":"","_lmt_disable":"","_jetpack_memberships_contains_paid_content":false,"footnotes":""},"categories":[109,47],"tags":[3945],"class_list":["post-68617","post","type-post","status-publish","format-standard","has-post-thumbnail","hentry","category-minuto-a-minuto","category-zona-gris","tag-tepelmeme-villa-de-morelos"],"jetpack_featured_media_url":"https:\/\/zonaroja.com.mx\/wp-content\/uploads\/2024\/05\/Bloqueo-Tepelmene-supercarretera-Cuacnopalan.jpg","jetpack_sharing_enabled":true,"_links":{"self":[{"href":"https:\/\/zonaroja.com.mx\/index.php?rest_route=\/wp\/v2\/posts\/68617","targetHints":{"allow":["GET"]}}],"collection":[{"href":"https:\/\/zonaroja.com.mx\/index.php?rest_route=\/wp\/v2\/posts"}],"about":[{"href":"https:\/\/zonaroja.com.mx\/index.php?rest_route=\/wp\/v2\/types\/post"}],"author":[{"embeddable":true,"href":"https:\/\/zonaroja.com.mx\/index.php?rest_route=\/wp\/v2\/users\/2"}],"replies":[{"embeddable":true,"href":"https:\/\/zonaroja.com.mx\/index.php?rest_route=%2Fwp%2Fv2%2Fcomments&post=68617"}],"version-history":[{"count":1,"href":"https:\/\/zonaroja.com.mx\/index.php?rest_route=\/wp\/v2\/posts\/68617\/revisions"}],"predecessor-version":[{"id":68619,"href":"https:\/\/zonaroja.com.mx\/index.php?rest_route=\/wp\/v2\/posts\/68617\/revisions\/68619"}],"wp:featuredmedia":[{"embeddable":true,"href":"https:\/\/zonaroja.com.mx\/index.php?rest_route=\/wp\/v2\/media\/68618"}],"wp:attachment":[{"href":"https:\/\/zonaroja.com.mx\/index.php?rest_route=%2Fwp%2Fv2%2Fmedia&parent=68617"}],"wp:term":[{"taxonomy":"category","embeddable":true,"href":"https:\/\/zonaroja.com.mx\/index.php?rest_route=%2Fwp%2Fv2%2Fcategories&post=68617"},{"taxonomy":"post_tag","embeddable":true,"href":"https:\/\/zonaroja.com.mx\/index.php?rest_route=%2Fwp%2Fv2%2Ftags&post=68617"}],"curies":[{"name":"wp","href":"https:\/\/api.w.org\/{rel}","templated":true}]}}