{"id":68625,"date":"2024-05-22T11:54:00","date_gmt":"2024-05-22T17:54:00","guid":{"rendered":"https:\/\/zonaroja.com.mx\/?p=68625"},"modified":"2024-05-22T08:15:49","modified_gmt":"2024-05-22T14:15:49","slug":"es-el-momento-de-que-mexico-se-pinte-de-morado-por-ella-por-todas","status":"publish","type":"post","link":"https:\/\/zonaroja.com.mx\/?p=68625","title":{"rendered":"\u201cEs el momento de que M\u00e9xico se pinte de morado\u201d: Por Ella, Por Todas"},"content":{"rendered":"\n<p>Redacci\u00f3n\/Zona Roja.<\/p>\n\n\n\n<p>Oaxaca de Ju\u00e1rez, Oax., a 22 de mayo de 2024.- En un encuentro con m\u00e1s de 300 mujeres, ante la presencia de activistas, empresarias y feministas de los municipios de Tijuana, Ensenada y San Quint\u00edn, mujeres bajacalifornianas integrantes del movimiento nacional \u201cPor Ella, Por Todas\u201d, cerraron filas con Claudia Sheinbaum y refrendaron su compromiso de salir a votar masivamente para hacer historia al ser protagonistas del cambio que viene, que traer\u00e1 vientos de libertades, derechos y bienestar para las mexicanas.<\/p>\n\n\n\n<p>En su intervenci\u00f3n, la diputada por el estado de Oaxaca, Mariana Ben\u00edtez Tiburcio, cofundadora del movimiento \u201cPor Ella, Por Todas\u201d, hizo un recuento del esfuerzo colectivo de miles de mujeres a lo largo de pa\u00eds que inici\u00f3 hace m\u00e1s de un a\u00f1o y que tuvo como prop\u00f3sito construir una Agenda de las Mujeres que se le entregar\u00e1 a Claudia Sheinbaum para que conforme su plataforma de gobierno.&nbsp;<\/p>\n\n\n\n<p>\u201cGracias a todas las mujeres que han hecho posible este movimiento, en el que nos une y articula un liderazgo singular, el de una mujer de izquierda, transformadora, capaz, experimentada en el gobierno y con una clara visi\u00f3n de pa\u00eds. \u201c\u00a1Por el apoyo de millones de mexicanas organizadas y entusiasmadas por los tiempos que vivimos vamos a hacer historia! \u00a1Vamos a lograr que M\u00e9xico se pinte de morado con la llegada de una gran mujer a la presidencia, con quien llegaremos todas y seremos art\u00edfices del cambio social y cultural m\u00e1s importante en la historia de M\u00e9xico: el de la instauraci\u00f3n de la igualdad sustantiva como principio rector de la vida p\u00fablica del pa\u00eds!\u201d, se\u00f1al\u00f3.<\/p>\n\n\n\n<p>En su oportunidad, Lorena Villavicencio exdiputada federal por la Ciudad de M\u00e9xico y cofundadora de \u201cPor Ella, Por Todas\u201d, sostuvo que las mujeres est\u00e1n convocadas para hacer historia el pr\u00f3ximo 2 de junio. \u201cNuestro voto definir\u00e1 nuestro destino. Hacemos un llamado a la acci\u00f3n a todas las mujeres y j\u00f3venes a tomar en nuestras manos la decisi\u00f3n y lo hagamos por una mujer que la definen sus causas como Claudia Sheinbaum\u201d, dijo.<\/p>\n\n\n\n<p>Mencion\u00f3 que el pa\u00eds y su complejidades y retos no puede ser gobernado desde la improvisaci\u00f3n. \u201cVotar por Claudia es hacerlo por un proyecto de naci\u00f3n integral, incluyente e igualitario donde tendremos condiciones para lograr prosperidad en nuestras vidas\u201d, expres\u00f3.<\/p>\n\n\n\n<p>A\u00f1adi\u00f3 que desde \u201cPor Ella, Por Todas\u201d han convocado a todas las ciudadanas a convertirse en protagonistas de la haza\u00f1a hist\u00f3rica de tener una mujer presidenta innovadora, porque las mujeres har\u00e1n historia y transformar\u00e1n sus vidas y el pa\u00eds.<\/p>\n\n\n\n<p>Por su parte, la candidata a diputada federal por Morena, Claudia Moreno subray\u00f3 que las mujeres y su esfuerzo concentrando en millones de mexicanas llevar\u00e1n por primera vez a una mujer a gobernar los destinos del pa\u00eds. \u201cSomos aliadas y mujeres convencidas que estamos construyendo un camino de igualdad que se ver\u00e1 reflejado con la llegada de Claudia Sheinbaum a la silla presidencial\u201d, agreg\u00f3.&nbsp;<\/p>\n\n\n\n<p>En tanto, la candidata a la presidencia municipal de Ensenada por Morena, Claudia Agat\u00f3n, resalt\u00f3 que Claudia Sheinbaum es una mujer cient\u00edfica que ayudar\u00e1 a resolver diversas demandas ancestrales. \u201cElla podr\u00e1 medir cualitativa y cuantitativamente los problemas del pa\u00eds para dar una soluci\u00f3n, es una de las grandes ventajas que tiene la que ser\u00e1 la primera mujer presidenta\u201d, extern\u00f3.<\/p>\n\n\n\n<p>Finalmente, la candidata municipal de Morena por San Quint\u00edn, Miriam Cano afirm\u00f3 que hoy en M\u00e9xico se ha conformado un ej\u00e9rcito de mujeres que son representadas en el movimiento de mujeres Por Ella, Por Todas en respaldo a Claudia Sheinbaum. \u201cEl poder estar en los espacios de toma de decisiones y poder generar acciones con esa visi\u00f3n de igualdad de oportunidades de apoyo y reconocimiento a las mujeres, es abrir brechas para que otras mujeres no pasen por tanta violencia\u201d, concluy\u00f3.<\/p>\n","protected":false},"excerpt":{"rendered":"<p>Redacci\u00f3n\/Zona Roja. Oaxaca de Ju\u00e1rez, Oax., a 22 de mayo de 2024.- En un encuentro&hellip;<\/p>\n","protected":false},"author":2,"featured_media":68626,"comment_status":"closed","ping_status":"open","sticky":false,"template":"","format":"standard","meta":{"_lmt_disableupdate":"","_lmt_disable":"","_jetpack_memberships_contains_paid_content":false,"footnotes":""},"categories":[109,46],"tags":[2969],"class_list":["post-68625","post","type-post","status-publish","format-standard","has-post-thumbnail","hentry","category-minuto-a-minuto","category-zona-blanca","tag-mariana-benitez-tiburcio"],"jetpack_featured_media_url":"https:\/\/zonaroja.com.mx\/wp-content\/uploads\/2024\/05\/Por-Ella-por-todas-Mariana-Benitez-Baja-California.jpeg","jetpack_sharing_enabled":true,"_links":{"self":[{"href":"https:\/\/zonaroja.com.mx\/index.php?rest_route=\/wp\/v2\/posts\/68625","targetHints":{"allow":["GET"]}}],"collection":[{"href":"https:\/\/zonaroja.com.mx\/index.php?rest_route=\/wp\/v2\/posts"}],"about":[{"href":"https:\/\/zonaroja.com.mx\/index.php?rest_route=\/wp\/v2\/types\/post"}],"author":[{"embeddable":true,"href":"https:\/\/zonaroja.com.mx\/index.php?rest_route=\/wp\/v2\/users\/2"}],"replies":[{"embeddable":true,"href":"https:\/\/zonaroja.com.mx\/index.php?rest_route=%2Fwp%2Fv2%2Fcomments&post=68625"}],"version-history":[{"count":1,"href":"https:\/\/zonaroja.com.mx\/index.php?rest_route=\/wp\/v2\/posts\/68625\/revisions"}],"predecessor-version":[{"id":68627,"href":"https:\/\/zonaroja.com.mx\/index.php?rest_route=\/wp\/v2\/posts\/68625\/revisions\/68627"}],"wp:featuredmedia":[{"embeddable":true,"href":"https:\/\/zonaroja.com.mx\/index.php?rest_route=\/wp\/v2\/media\/68626"}],"wp:attachment":[{"href":"https:\/\/zonaroja.com.mx\/index.php?rest_route=%2Fwp%2Fv2%2Fmedia&parent=68625"}],"wp:term":[{"taxonomy":"category","embeddable":true,"href":"https:\/\/zonaroja.com.mx\/index.php?rest_route=%2Fwp%2Fv2%2Fcategories&post=68625"},{"taxonomy":"post_tag","embeddable":true,"href":"https:\/\/zonaroja.com.mx\/index.php?rest_route=%2Fwp%2Fv2%2Ftags&post=68625"}],"curies":[{"name":"wp","href":"https:\/\/api.w.org\/{rel}","templated":true}]}}