{"id":68628,"date":"2024-05-22T12:20:00","date_gmt":"2024-05-22T18:20:00","guid":{"rendered":"https:\/\/zonaroja.com.mx\/?p=68628"},"modified":"2024-05-22T08:21:58","modified_gmt":"2024-05-22T14:21:58","slug":"propone-sergio-barroso-un-debate-entre-candidatos-en-zimatlan","status":"publish","type":"post","link":"https:\/\/zonaroja.com.mx\/?p=68628","title":{"rendered":"Propone Sergio Barroso un debate entre candidatos en Zimatl\u00e1n"},"content":{"rendered":"\n<p>Redacci\u00f3n\/Zona Roja.<\/p>\n\n\n\n<p>Oaxaca de Ju\u00e1rez,&nbsp;Oax., a 22 de mayo de 2024.-&nbsp;El candidato del Partido Verde Ecologista de M\u00e9xico (PVEM) a la presidencia municipal, Javier Barroso S\u00e1nchez, propuesto al \u00f3rgano electoral local organice y convoque a un debate entre los aspirantes de los diferentes partidos pol\u00edticos.<\/p>\n\n\n\n<p>En una carta dirigida a los integrantes del Consejo Municipal Electoral&nbsp;de esta localidad, Barroso S\u00e1nchez, quien&nbsp;lidera las preferencias electorales, seg\u00fan varios sondeos realizados en la \u00faltima semana, les pide que determinen los condiciones y temas a debatir.<\/p>\n\n\n\n<p>En el documento,&nbsp;pide en primer lugar que&nbsp;confirmen&nbsp;la solicitud de debate y segundo,&nbsp;trasladen de \u201cmanera&nbsp;urgente a candidata y candidatos de diferentes partidos&nbsp;pol\u00edticos&nbsp;para que de manera conjunta se firme solicitud de viabilidad\u201d&nbsp;de la discusi\u00f3n&nbsp;de propuestas.<\/p>\n\n\n\n<p>En su primer acto de campa\u00f1a por la presidencia municipal de Zimatl\u00e1n, el abanderado del Partido Verde, Javier Barroso S\u00e1nchez propuso firmar un pacto de civilidad para que durante el proceso electoral no se permitan el uso de las campa\u00f1as de odio, ni las calumnias, ni las mentiras.<\/p>\n\n\n\n<p>Sin embargo,&nbsp;ninguno de los candidatos a presidentes municipales de los diferentes partidos pol\u00edticos se sum\u00f3&nbsp;a la iniciativa del Partido Verde, en cambio, arreciaron las \u201ccampa\u00f1as negras\u201d en diferentes redes sociales, principalmente hacia las mujeres del equipo de Barroso S\u00e1nchez.<\/p>\n","protected":false},"excerpt":{"rendered":"<p>Redacci\u00f3n\/Zona Roja. Oaxaca de Ju\u00e1rez,&nbsp;Oax., a 22 de mayo de 2024.-&nbsp;El candidato del Partido Verde&hellip;<\/p>\n","protected":false},"author":2,"featured_media":68629,"comment_status":"closed","ping_status":"open","sticky":false,"template":"","format":"standard","meta":{"_lmt_disableupdate":"","_lmt_disable":"","_jetpack_memberships_contains_paid_content":false,"footnotes":""},"categories":[109,46],"tags":[3946,802],"class_list":["post-68628","post","type-post","status-publish","format-standard","has-post-thumbnail","hentry","category-minuto-a-minuto","category-zona-blanca","tag-sergio-barroso-sanchez","tag-zimatlan-de-alvarez"],"jetpack_featured_media_url":"https:\/\/zonaroja.com.mx\/wp-content\/uploads\/2024\/05\/Sergio-Barroso-Sanchez.jpg","jetpack_sharing_enabled":true,"_links":{"self":[{"href":"https:\/\/zonaroja.com.mx\/index.php?rest_route=\/wp\/v2\/posts\/68628","targetHints":{"allow":["GET"]}}],"collection":[{"href":"https:\/\/zonaroja.com.mx\/index.php?rest_route=\/wp\/v2\/posts"}],"about":[{"href":"https:\/\/zonaroja.com.mx\/index.php?rest_route=\/wp\/v2\/types\/post"}],"author":[{"embeddable":true,"href":"https:\/\/zonaroja.com.mx\/index.php?rest_route=\/wp\/v2\/users\/2"}],"replies":[{"embeddable":true,"href":"https:\/\/zonaroja.com.mx\/index.php?rest_route=%2Fwp%2Fv2%2Fcomments&post=68628"}],"version-history":[{"count":1,"href":"https:\/\/zonaroja.com.mx\/index.php?rest_route=\/wp\/v2\/posts\/68628\/revisions"}],"predecessor-version":[{"id":68630,"href":"https:\/\/zonaroja.com.mx\/index.php?rest_route=\/wp\/v2\/posts\/68628\/revisions\/68630"}],"wp:featuredmedia":[{"embeddable":true,"href":"https:\/\/zonaroja.com.mx\/index.php?rest_route=\/wp\/v2\/media\/68629"}],"wp:attachment":[{"href":"https:\/\/zonaroja.com.mx\/index.php?rest_route=%2Fwp%2Fv2%2Fmedia&parent=68628"}],"wp:term":[{"taxonomy":"category","embeddable":true,"href":"https:\/\/zonaroja.com.mx\/index.php?rest_route=%2Fwp%2Fv2%2Fcategories&post=68628"},{"taxonomy":"post_tag","embeddable":true,"href":"https:\/\/zonaroja.com.mx\/index.php?rest_route=%2Fwp%2Fv2%2Ftags&post=68628"}],"curies":[{"name":"wp","href":"https:\/\/api.w.org\/{rel}","templated":true}]}}