{"id":68635,"date":"2024-05-22T20:24:23","date_gmt":"2024-05-23T02:24:23","guid":{"rendered":"https:\/\/zonaroja.com.mx\/?p=68635"},"modified":"2024-05-22T20:47:20","modified_gmt":"2024-05-23T02:47:20","slug":"muere-nino-emiliano-baleado-en-tabasco-al-intentar-defender-a-su-madre","status":"publish","type":"post","link":"https:\/\/zonaroja.com.mx\/?p=68635","title":{"rendered":"Muere ni\u00f1o Emiliano baleado en Tabasco, al intentar defender a su madre"},"content":{"rendered":"\n<p>Redacci\u00f3n\/Zona Roja Cdmx.<\/p>\n\n\n\n<p>Ciudad de M\u00e9xico, a 22 de mayo de 2024.- Un ni\u00f1o muri\u00f3 luego de recibir un impacto de bala cuando intentaba, presuntamente, defender a su madre en calles de Para\u00edso, Tabasco.&nbsp;<\/p>\n\n\n\n<p>Despu\u00e9s de la agresi\u00f3n y a la espera de servicios m\u00e9dicos, el joven asegur\u00f3 que no deseaba morir.&nbsp;<\/p>\n\n\n\n<p>En la grabaci\u00f3n que se comparti\u00f3 en plataformas digitales se escucha decir al joven que se queda sin aire, mientras que los testigos y personas que lo auxilian aseguran que no est\u00e1 sangrando.<\/p>\n\n\n\n<p>Seg\u00fan reportes, el joven fue identificado como Emiliano, de 11 a\u00f1os de edad; sin embargo. La agresi\u00f3n con arma de fuego habr\u00eda ocurrido la tarde del martes 21 de mayo.<\/p>\n\n\n\n<p>Adem\u00e1s, trascendi\u00f3 que el chico fue trasladado a un hospital de la zona, en donde finalmente muri\u00f3 a causa de las heridas que le caus\u00f3 el impacto de bala. Luego de que el caso se viralizara, Carlos Castillejos, vocero del gobierno de Tabasco, inform\u00f3 en su cuenta de X, antes Twitter, que \u201cpersonal de alto nivel\u201d de la Fiscal\u00eda se encontraba en la zona.<\/p>\n\n\n\n<p>Adem\u00e1s, asegur\u00f3, sin dar detalles, que se segu\u00edan varias l\u00edneas de investigaci\u00f3n, prometiendo que \u201cal terminar las investigaciones se informar\u00e1 debidamente\u201d.<\/p>\n\n\n\n<p>\u201cEn relaci\u00f3n con el fallecimiento del adolescente baleado el d\u00eda de ayer en el municipio de Para\u00edso, se informa que personal de alto nivel de la @FGETabasco &nbsp;se encuentra en dicho lugar y siguen varias l\u00edneas de investigaci\u00f3n. Al terminar las investigaciones se informar\u00e1 debidamente\u201d.<\/p>\n\n\n\n<p>Despu\u00e9s del homicidio del menor, en redes sociales decenas de cibernautas condenaron el hecho y exigieron justicia por el joven que muri\u00f3 defendiendo a su madre.<\/p>\n\n\n\n<p>(Informaci\u00f3n de UNO Tv)<\/p>\n","protected":false},"excerpt":{"rendered":"<p>Redacci\u00f3n\/Zona Roja Cdmx. Ciudad de M\u00e9xico, a 22 de mayo de 2024.- Un ni\u00f1o muri\u00f3&hellip;<\/p>\n","protected":false},"author":2,"featured_media":68636,"comment_status":"closed","ping_status":"open","sticky":false,"template":"","format":"standard","meta":{"_lmt_disableupdate":"","_lmt_disable":"","_jetpack_memberships_contains_paid_content":false,"footnotes":""},"categories":[109,51],"tags":[3947],"class_list":["post-68635","post","type-post","status-publish","format-standard","has-post-thumbnail","hentry","category-minuto-a-minuto","category-zona-roja","tag-emiliano-tabasco"],"jetpack_featured_media_url":"https:\/\/zonaroja.com.mx\/wp-content\/uploads\/2024\/05\/Emiliano-baleado-Tabasco.jpg.webp","jetpack_sharing_enabled":true,"_links":{"self":[{"href":"https:\/\/zonaroja.com.mx\/index.php?rest_route=\/wp\/v2\/posts\/68635","targetHints":{"allow":["GET"]}}],"collection":[{"href":"https:\/\/zonaroja.com.mx\/index.php?rest_route=\/wp\/v2\/posts"}],"about":[{"href":"https:\/\/zonaroja.com.mx\/index.php?rest_route=\/wp\/v2\/types\/post"}],"author":[{"embeddable":true,"href":"https:\/\/zonaroja.com.mx\/index.php?rest_route=\/wp\/v2\/users\/2"}],"replies":[{"embeddable":true,"href":"https:\/\/zonaroja.com.mx\/index.php?rest_route=%2Fwp%2Fv2%2Fcomments&post=68635"}],"version-history":[{"count":2,"href":"https:\/\/zonaroja.com.mx\/index.php?rest_route=\/wp\/v2\/posts\/68635\/revisions"}],"predecessor-version":[{"id":68639,"href":"https:\/\/zonaroja.com.mx\/index.php?rest_route=\/wp\/v2\/posts\/68635\/revisions\/68639"}],"wp:featuredmedia":[{"embeddable":true,"href":"https:\/\/zonaroja.com.mx\/index.php?rest_route=\/wp\/v2\/media\/68636"}],"wp:attachment":[{"href":"https:\/\/zonaroja.com.mx\/index.php?rest_route=%2Fwp%2Fv2%2Fmedia&parent=68635"}],"wp:term":[{"taxonomy":"category","embeddable":true,"href":"https:\/\/zonaroja.com.mx\/index.php?rest_route=%2Fwp%2Fv2%2Fcategories&post=68635"},{"taxonomy":"post_tag","embeddable":true,"href":"https:\/\/zonaroja.com.mx\/index.php?rest_route=%2Fwp%2Fv2%2Ftags&post=68635"}],"curies":[{"name":"wp","href":"https:\/\/api.w.org\/{rel}","templated":true}]}}