{"id":68643,"date":"2024-05-23T06:26:30","date_gmt":"2024-05-23T12:26:30","guid":{"rendered":"https:\/\/zonaroja.com.mx\/?p=68643"},"modified":"2024-05-23T06:26:32","modified_gmt":"2024-05-23T12:26:32","slug":"llega-a-san-agustin-yatareni-el-programa-fiscalia-en-tu-comunidad","status":"publish","type":"post","link":"https:\/\/zonaroja.com.mx\/?p=68643","title":{"rendered":"Llega a San Agust\u00edn Yatareni el programa \u201cFiscal\u00eda en tu comunidad\u00bb"},"content":{"rendered":"\n<p>Redacci\u00f3n\/Zona Roja.&nbsp;<\/p>\n\n\n\n<p>Oaxaca de Ju\u00e1rez, Oax., 23 de mayo de 2024.-Durante la puesta en marcha del programa de proximidad social \u201cFiscal\u00eda en tu comunidad\u201d, que se llev\u00f3 a cabo en el municipio de San Agust\u00edn Yatareni, el fiscal General del Estado de Oaxaca, Bernardo Rodr\u00edguez Alamilla, resalt\u00f3 la importancia de coordinar esfuerzos mediante un contacto cercano con las diferentes autoridades municipales, para llevar a cabo estas acciones con el objetivo de generar mejores condiciones de seguridad en beneficio de la ciudadan\u00eda.<\/p>\n\n\n\n<p>Con el acompa\u00f1amiento del presidente municipal de San Agust\u00edn Yatareni, Antonino Cruz Mart\u00ednez; as\u00ed como el presidente municipal de San Andr\u00e9s Huay\u00e1pam, Abel Maclovio Garc\u00eda; el presidente municipal de Santa Mar\u00eda el Tule, Filem\u00f3n G\u00f3mez Soto; la secretaria t\u00e9cnica regional de Valles Centrales de la Mesa de Seguridad y Construcci\u00f3n de Paz, Roc\u00edo de Jes\u00fas L\u00f3pez Cruz, y el encargado de despacho de la Vicefiscal\u00eda de Valles Centrales, Samuel Jim\u00e9nez Acevedo, el fiscal de Oaxaca resalt\u00f3 que \u201cel trabajo de procurar seguridad y justicia, es una labor de todos los d\u00edas\u201d.<\/p>\n\n\n\n<p>En este sentido, indic\u00f3 que uno de los grandes pendientes por parte de la ciudadan\u00eda \u201ces contar con espacios seguros, en el que las ni\u00f1as, ni\u00f1os, adolescentes y mujeres puedan realizar sus actividades de manera segura, de ah\u00ed, la importancia de acercar los servicios de la Fiscal\u00eda a los diferentes municipios del estado.<\/p>\n\n\n\n<p>Rodr\u00edguez Alamilla a\u00f1adi\u00f3 que, mediante esta actividad, la FGEO brinda cursos de formaci\u00f3n y capacitaci\u00f3n para que las y los elementos de las polic\u00edas municipales conozcan su rol en el quehacer cotidiano en materia de seguridad, adem\u00e1s de brindarles informaci\u00f3n que permita disminuir la incidencia delictiva en las comunidades.<\/p>\n\n\n\n<p>IMPORTANTE LA CAPACITACI\u00d3N<\/p>\n\n\n\n<p>Durante su intervenci\u00f3n, el presidente municipal de San Agust\u00edn Yatareni, Antonino Cruz Mart\u00ednez, resalt\u00f3 la importancia de que las y los servidores p\u00fablicos de los municipios mantengan una constante capacitaci\u00f3n en materia de seguridad, a fin de poder brindar un mejor servicio a sus comunidades.<\/p>\n\n\n\n<p>Mientras que, el presidente municipal de San Andr\u00e9s Huayapam, Abel Maclovio Garc\u00eda, agradeci\u00f3 la voluntad de la Fiscal\u00eda General y dem\u00e1s municipios, para poder llevar a acab\u00f3 esta actividad y ser part\u00edcipes de los diversos procesos de capacitaci\u00f3n que se imparten dentro de las actividades de la \u201cFiscal\u00eda en tu comunidad\u201d.<\/p>\n\n\n\n<p>En su oportunidad, el presidente municipal de Santa Mar\u00eda el Tule, Filem\u00f3n G\u00f3mez Soto, indic\u00f3 que esta actividad, permitir\u00e1 a las y los servidores p\u00fablicos adquirir conocimientos que les permitan actuar conforme a derecho en determinado momento, y as\u00ed evitar caer en la omisi\u00f3n.<\/p>\n\n\n\n<p>La actividad, cont\u00f3 tambi\u00e9n con la asistencia de servidoras y servidores p\u00fablicos de los municipios de San Agust\u00edn Yatareni, San Andr\u00e9s Hu\u00e1yapam, Santa Mar\u00eda el Tule, Animas Trujano, Santa Cruz Amilpas, San Sebasti\u00e1n Tutla, San Agust\u00edn de las Juntas, Tlalixtac de Cabrera y San Pedro Ixtlahuaca.<\/p>\n\n\n\n<p>Como parte de las actividades de la \u201cFiscal\u00eda en tu comunidad se llevaron a cabo un m\u00f3dulo de investigaci\u00f3n, a cargo de Vicefiscal\u00eda Regional de Valles Centrales; el taller \u201cPrimer respondiente \u201c y \u201cEl sistema de Justicia para Adolescentes\u201d a cargo del Instituto de Formaci\u00f3n y Capacitaci\u00f3n Profesional y la Fiscal\u00eda Especializada en Justicia para Adolescentes; as\u00ed como el taller \u201cViolencia familiar y conociendo el Cejum y sus servicios\u201d y el taller \u201c\u00d3rdenes de protecci\u00f3n\u201d a cargo del Centro de Justicia para Mujeres.<\/p>\n","protected":false},"excerpt":{"rendered":"<p>Redacci\u00f3n\/Zona Roja.&nbsp; Oaxaca de Ju\u00e1rez, Oax., 23 de mayo de 2024.-Durante la puesta en marcha&hellip;<\/p>\n","protected":false},"author":2,"featured_media":68644,"comment_status":"closed","ping_status":"open","sticky":false,"template":"","format":"standard","meta":{"_lmt_disableupdate":"","_lmt_disable":"","_jetpack_memberships_contains_paid_content":false,"footnotes":""},"categories":[109,46],"tags":[494],"class_list":["post-68643","post","type-post","status-publish","format-standard","has-post-thumbnail","hentry","category-minuto-a-minuto","category-zona-blanca","tag-fiscalia-general-del-estado-de-oaxaca"],"jetpack_featured_media_url":"https:\/\/zonaroja.com.mx\/wp-content\/uploads\/2024\/05\/6.jpeg","jetpack_sharing_enabled":true,"_links":{"self":[{"href":"https:\/\/zonaroja.com.mx\/index.php?rest_route=\/wp\/v2\/posts\/68643","targetHints":{"allow":["GET"]}}],"collection":[{"href":"https:\/\/zonaroja.com.mx\/index.php?rest_route=\/wp\/v2\/posts"}],"about":[{"href":"https:\/\/zonaroja.com.mx\/index.php?rest_route=\/wp\/v2\/types\/post"}],"author":[{"embeddable":true,"href":"https:\/\/zonaroja.com.mx\/index.php?rest_route=\/wp\/v2\/users\/2"}],"replies":[{"embeddable":true,"href":"https:\/\/zonaroja.com.mx\/index.php?rest_route=%2Fwp%2Fv2%2Fcomments&post=68643"}],"version-history":[{"count":1,"href":"https:\/\/zonaroja.com.mx\/index.php?rest_route=\/wp\/v2\/posts\/68643\/revisions"}],"predecessor-version":[{"id":68645,"href":"https:\/\/zonaroja.com.mx\/index.php?rest_route=\/wp\/v2\/posts\/68643\/revisions\/68645"}],"wp:featuredmedia":[{"embeddable":true,"href":"https:\/\/zonaroja.com.mx\/index.php?rest_route=\/wp\/v2\/media\/68644"}],"wp:attachment":[{"href":"https:\/\/zonaroja.com.mx\/index.php?rest_route=%2Fwp%2Fv2%2Fmedia&parent=68643"}],"wp:term":[{"taxonomy":"category","embeddable":true,"href":"https:\/\/zonaroja.com.mx\/index.php?rest_route=%2Fwp%2Fv2%2Fcategories&post=68643"},{"taxonomy":"post_tag","embeddable":true,"href":"https:\/\/zonaroja.com.mx\/index.php?rest_route=%2Fwp%2Fv2%2Ftags&post=68643"}],"curies":[{"name":"wp","href":"https:\/\/api.w.org\/{rel}","templated":true}]}}