{"id":68646,"date":"2024-05-23T08:15:00","date_gmt":"2024-05-23T14:15:00","guid":{"rendered":"https:\/\/zonaroja.com.mx\/?p=68646"},"modified":"2024-05-23T06:39:24","modified_gmt":"2024-05-23T12:39:24","slug":"tragedia-causa-luto-en-campana-presidencial-9-muertos-y-70-heridos-con-maynez","status":"publish","type":"post","link":"https:\/\/zonaroja.com.mx\/?p=68646","title":{"rendered":"Tragedia causa luto en campa\u00f1a presidencial: 9 muertos y 70 heridos con M\u00e1ynez"},"content":{"rendered":"\n<p>Redacci\u00f3n\/Zona Roja Cdmx.<\/p>\n\n\n\n<p>Ciudad de M\u00e9xico, a 23 de mayo de 2024.- El gobernador de Nuevo Le\u00f3n, Samuel Garc\u00eda, confirm\u00f3 en punto de las 04:42 horas de este jueves que al momento suman 9 personas muertas y 70 heridas tras la ca\u00edda de un templete en un evento de candidatos de Movimiento Ciudadano (MC) en San Pedro Garza Garc\u00eda, Nuevo Le\u00f3n.<\/p>\n\n\n\n<p>A trav\u00e9s de su cuenta de X el mandatario estatal escribi\u00f3: \u201cActualizaci\u00f3n:70 hospitalizados, 9 defunciones y 11 pacientes se dieron de alta. Seguimos relacionando pacientes con familiares, mi celular 8116620611\u2033.<\/p>\n\n\n\n<p>Durante la madrugada el gobernador hab\u00eda dicho que de los hospitalizados al menos tres personas se encontraban en cirug\u00edas de emergencia y su estado de salud era delicado.<\/p>\n\n\n\n<p>Asimismo, precis\u00f3 que entre las personas fallecidas se encuentra un menor de edad.<\/p>\n\n\n\n<p>En un principio fue el propio presidente Andr\u00e9s Manuel L\u00f3pez Obrador quien confirm\u00f3 cuatro muertos por los hechos, sin embargo, con el paso de la madrugada la cifra fue ascendiendo.<\/p>\n\n\n\n<p>\u201cLamento el accidente en San Pedro Garza Garc\u00eda, causado por un fuerte viento durante el acto al que asistieron Jorge \u00c1lvarez M\u00e1ynez, candidato a la presidencia por Movimiento Ciudadano y otros militantes, dirigentes y candidatos de ese partido [&#8230;] Abrazo a familiares, amigos de las v\u00edctimas y simpatizantes de esa organizaci\u00f3n. Estamos atentos\u201d, escribi\u00f3 el mandatario por medio de su cuenta verificada @lopezobrador_.<\/p>\n\n\n\n<p>El candidato de MC por la presidencia de M\u00e9xico, Jorge \u00c1lvarez M\u00e1ynez, dijo estar \u201cmuy consternado, vamos a estar muy al pendiente. Tenemos que tener un alto grado de solidaridad porque no hay nada que pueda reparar un da\u00f1o de esta naturaleza\u201d.<\/p>\n\n\n\n<p>CA\u00cdDA DE TEMPLETE<\/p>\n\n\n\n<p>La noche del 22 de mayo de 2024, un templete se desplom\u00f3 durante un evento pol\u00edtico en San Pedro Garza Garc\u00eda, Nuevo Le\u00f3n, en el que participaban Jorge \u00c1lvarez M\u00e1ynez, candidato presidencial por MC, y Lorenia Canavati, candidata a la presidencia municipal de dicho municipio.<\/p>\n\n\n\n<p>Los heridos est\u00e1n siendo tratados en la Unidad de Medicina Familiar No. 7 en San Pedro Garza Garc\u00eda por lesiones leves. \u00c1lvarez M\u00e1ynez inform\u00f3 a trav\u00e9s de sus redes sociales que se encontraba bien tras el accidente y que se traslad\u00f3 al hospital San Jos\u00e9 para una revisi\u00f3n m\u00e9dica; luego regres\u00f3 al sitio. En su mensaje, el candidato tambi\u00e9n expres\u00f3 la importancia de atender a las v\u00edctimas del accidente y asegur\u00f3 estar en comunicaci\u00f3n con las autoridades estatales para dar seguimiento a lo ocurrido.<\/p>\n\n\n\n<p>El accidente gener\u00f3 reacciones de diversas figuras pol\u00edticas. Claudia Sheinbaum, candidata presidencial de Sigamos Haciendo Historia, expres\u00f3 su preocupaci\u00f3n por la seguridad de los asistentes al evento, mientras que X\u00f3chitl G\u00e1lvez, candidata presidencial por Fuerza y Coraz\u00f3n por M\u00e9xico, envi\u00f3 un mensaje de solidaridad a \u00c1lvarez M\u00e1ynez y a los simpatizantes de Movimiento Ciudadano.<\/p>\n\n\n\n<p>El Partido Revolucionario Institucional (PRI) tambi\u00e9n expres\u00f3 su apoyo a trav\u00e9s de la red social X, deseando la pronta recuperaci\u00f3n de los heridos y afirmando que se mantendr\u00e1n atentos a la situaci\u00f3n.<\/p>\n","protected":false},"excerpt":{"rendered":"<p>Redacci\u00f3n\/Zona Roja Cdmx. Ciudad de M\u00e9xico, a 23 de mayo de 2024.- El gobernador de&hellip;<\/p>\n","protected":false},"author":2,"featured_media":68647,"comment_status":"closed","ping_status":"open","sticky":false,"template":"","format":"standard","meta":{"_lmt_disableupdate":"","_lmt_disable":"","_jetpack_memberships_contains_paid_content":false,"footnotes":""},"categories":[109,47],"tags":[3948],"class_list":["post-68646","post","type-post","status-publish","format-standard","has-post-thumbnail","hentry","category-minuto-a-minuto","category-zona-gris","tag-san-pedro-garza-garcia"],"jetpack_featured_media_url":"https:\/\/zonaroja.com.mx\/wp-content\/uploads\/2024\/05\/Desplome-templete-Maynez.avif","jetpack_sharing_enabled":true,"_links":{"self":[{"href":"https:\/\/zonaroja.com.mx\/index.php?rest_route=\/wp\/v2\/posts\/68646","targetHints":{"allow":["GET"]}}],"collection":[{"href":"https:\/\/zonaroja.com.mx\/index.php?rest_route=\/wp\/v2\/posts"}],"about":[{"href":"https:\/\/zonaroja.com.mx\/index.php?rest_route=\/wp\/v2\/types\/post"}],"author":[{"embeddable":true,"href":"https:\/\/zonaroja.com.mx\/index.php?rest_route=\/wp\/v2\/users\/2"}],"replies":[{"embeddable":true,"href":"https:\/\/zonaroja.com.mx\/index.php?rest_route=%2Fwp%2Fv2%2Fcomments&post=68646"}],"version-history":[{"count":1,"href":"https:\/\/zonaroja.com.mx\/index.php?rest_route=\/wp\/v2\/posts\/68646\/revisions"}],"predecessor-version":[{"id":68648,"href":"https:\/\/zonaroja.com.mx\/index.php?rest_route=\/wp\/v2\/posts\/68646\/revisions\/68648"}],"wp:featuredmedia":[{"embeddable":true,"href":"https:\/\/zonaroja.com.mx\/index.php?rest_route=\/wp\/v2\/media\/68647"}],"wp:attachment":[{"href":"https:\/\/zonaroja.com.mx\/index.php?rest_route=%2Fwp%2Fv2%2Fmedia&parent=68646"}],"wp:term":[{"taxonomy":"category","embeddable":true,"href":"https:\/\/zonaroja.com.mx\/index.php?rest_route=%2Fwp%2Fv2%2Fcategories&post=68646"},{"taxonomy":"post_tag","embeddable":true,"href":"https:\/\/zonaroja.com.mx\/index.php?rest_route=%2Fwp%2Fv2%2Ftags&post=68646"}],"curies":[{"name":"wp","href":"https:\/\/api.w.org\/{rel}","templated":true}]}}