{"id":68649,"date":"2024-05-23T07:12:09","date_gmt":"2024-05-23T13:12:09","guid":{"rendered":"https:\/\/zonaroja.com.mx\/?p=68649"},"modified":"2024-05-23T07:12:11","modified_gmt":"2024-05-23T13:12:11","slug":"segundo-ejecutado-en-un-dia-en-juchitan-oaxaca","status":"publish","type":"post","link":"https:\/\/zonaroja.com.mx\/?p=68649","title":{"rendered":"Segundo ejecutado en un d\u00eda en Juchit\u00e1n, Oaxaca"},"content":{"rendered":"\n<p>Raymundo Morales\/Zona Roja.<\/p>\n\n\n\n<p>Oaxaca de Ju\u00e1rez, Oax., a 23 de mayo de 2024.- Una segunda persona fue ejecutada ayer mi\u00e9rcoles en Juchit\u00e1n de Zaragoza, Oaxaca.<\/p>\n\n\n\n<p>Anoche, en la colonia Tierra y Libertad de ese municipio istme\u00f1o, fue abatido a tiros un joven mototaxista identificado de manera preliminar como Artemio \u201cN\u201d, de 22 a\u00f1os de edad.<\/p>\n\n\n\n<p>De acuerdo con medios informativos regionales, presuntos sicarios lo persegu\u00edan a bordo de una motocicleta y tras acribillarlo huyeron, sin que fueran molestado por los polic\u00edas municipales.<\/p>\n\n\n\n<p>Param\u00e9dicos arribaron al sitio para brindarle los primeros auxilios y corroboraron que ya no contaba con signos vitales; pero antes de que llegara personal de la Vicefiscal\u00eda Regional del Istmo, familiares retiraron el cuerpo de la v\u00edctima.<\/p>\n\n\n\n<p>Al mediod\u00eda de ayer en la colonia Lorenza Santiago de la S\u00e9ptima Secci\u00f3n, un individuo fue ejecutado cuando transitaba en su motocicleta.<\/p>\n\n\n\n<p>La v\u00edctima fue identificada como Alberto H. R. muri\u00f3 al instante; de nueva cuenta, cuando arribaron elementos de la Agencia Estatal de Investigaciones de la Fiscal\u00eda, los familiares se llevaron el cuerpo e impidieron las labores ministeriales.<\/p>\n\n\n\n<p>En Juchit\u00e1n gobierna Miguel S\u00e1nchez Altamirano, del Partido Morena, quien se encuentra de licencia en el cargo porque busca la reelecci\u00f3n como edil; las autoridades encargadas del ayuntamiento no han implementado acciones para frenar la ola de inseguridad.<\/p>\n","protected":false},"excerpt":{"rendered":"<p>Raymundo Morales\/Zona Roja. Oaxaca de Ju\u00e1rez, Oax., a 23 de mayo de 2024.- Una segunda&hellip;<\/p>\n","protected":false},"author":2,"featured_media":67753,"comment_status":"closed","ping_status":"open","sticky":false,"template":"","format":"standard","meta":{"_lmt_disableupdate":"","_lmt_disable":"","_jetpack_memberships_contains_paid_content":false,"footnotes":""},"categories":[109,51],"tags":[123],"class_list":["post-68649","post","type-post","status-publish","format-standard","has-post-thumbnail","hentry","category-minuto-a-minuto","category-zona-roja","tag-juchitan-de-zaragoza"],"jetpack_featured_media_url":"https:\/\/zonaroja.com.mx\/wp-content\/uploads\/2024\/04\/Escena-de-investigacion-crimen.jpg","jetpack_sharing_enabled":true,"_links":{"self":[{"href":"https:\/\/zonaroja.com.mx\/index.php?rest_route=\/wp\/v2\/posts\/68649","targetHints":{"allow":["GET"]}}],"collection":[{"href":"https:\/\/zonaroja.com.mx\/index.php?rest_route=\/wp\/v2\/posts"}],"about":[{"href":"https:\/\/zonaroja.com.mx\/index.php?rest_route=\/wp\/v2\/types\/post"}],"author":[{"embeddable":true,"href":"https:\/\/zonaroja.com.mx\/index.php?rest_route=\/wp\/v2\/users\/2"}],"replies":[{"embeddable":true,"href":"https:\/\/zonaroja.com.mx\/index.php?rest_route=%2Fwp%2Fv2%2Fcomments&post=68649"}],"version-history":[{"count":1,"href":"https:\/\/zonaroja.com.mx\/index.php?rest_route=\/wp\/v2\/posts\/68649\/revisions"}],"predecessor-version":[{"id":68650,"href":"https:\/\/zonaroja.com.mx\/index.php?rest_route=\/wp\/v2\/posts\/68649\/revisions\/68650"}],"wp:featuredmedia":[{"embeddable":true,"href":"https:\/\/zonaroja.com.mx\/index.php?rest_route=\/wp\/v2\/media\/67753"}],"wp:attachment":[{"href":"https:\/\/zonaroja.com.mx\/index.php?rest_route=%2Fwp%2Fv2%2Fmedia&parent=68649"}],"wp:term":[{"taxonomy":"category","embeddable":true,"href":"https:\/\/zonaroja.com.mx\/index.php?rest_route=%2Fwp%2Fv2%2Fcategories&post=68649"},{"taxonomy":"post_tag","embeddable":true,"href":"https:\/\/zonaroja.com.mx\/index.php?rest_route=%2Fwp%2Fv2%2Ftags&post=68649"}],"curies":[{"name":"wp","href":"https:\/\/api.w.org\/{rel}","templated":true}]}}