{"id":68651,"date":"2024-05-23T10:30:00","date_gmt":"2024-05-23T16:30:00","guid":{"rendered":"https:\/\/zonaroja.com.mx\/?p=68651"},"modified":"2024-05-23T07:42:31","modified_gmt":"2024-05-23T13:42:31","slug":"revoca-tribunal-a-otro-candidato-que-se-hizo-pasar-como-discapacitada","status":"publish","type":"post","link":"https:\/\/zonaroja.com.mx\/?p=68651","title":{"rendered":"Revoca Tribunal a otro candidato que se hizo pasar como discapacitada"},"content":{"rendered":"\n<p>Redacci\u00f3n\/Zona Roja.&nbsp;<\/p>\n\n\n\n<p>Oaxaca de Ju\u00e1rez, Oax., a 23 de mayo de 2024.- En sesi\u00f3n p\u00fablica realizada por videoconferencia, el pleno del Tribunal Electoral del Estado de Oaxaca (TEEO) revoc\u00f3 el registro de la candidatura a primer concejal en el municipio de Santiago Huajolotitl\u00e1n, de Isabel Patricia Bautista S\u00e1nchez, postulada por el Partido del Trabajo (PT), con la acci\u00f3n afirmativa de discapacidad.<\/p>\n\n\n\n<p>Se\u00f1al\u00f3 que, del an\u00e1lisis a la constancia m\u00e9dica que obra en autos y mediante la cual se le otorg\u00f3 el registro, se advirti\u00f3 que no cumple con los requisitos de los lineamientos emitidos por el Consejo General del Instituto Estatal Electoral y de Participaci\u00f3n Ciudadana de Oaxaca (IEEPCO), pues dicha constancia no fue expedida por una instituci\u00f3n p\u00fablica del sector salud federal, estatal o municipal, de acuerdo al tipo de discapacidad.<\/p>\n\n\n\n<p>La resoluci\u00f3n del juicio ciudadano con clave JDC\/214\/2024 advierte que, adem\u00e1s, result\u00f3 contradictorio el referido documento, ya que, por un lado, se desprende que la candidata no tiene alguna enfermedad y, por otro, que la misma tiene discapacidad visual degenerativa por catarata en un ojo.<\/p>\n\n\n\n<p>Expone que el IEEPCO fue omiso en analizar, de manera exhaustiva, las documentales remitidas por el Partido del Trabajo, con la cual daba cumplimiento a la resoluci\u00f3n dictada por este Tribunal en el expediente JDC\/197\/2024.<\/p>\n","protected":false},"excerpt":{"rendered":"<p>Redacci\u00f3n\/Zona Roja.&nbsp; Oaxaca de Ju\u00e1rez, Oax., a 23 de mayo de 2024.- En sesi\u00f3n p\u00fablica&hellip;<\/p>\n","protected":false},"author":2,"featured_media":68225,"comment_status":"closed","ping_status":"open","sticky":false,"template":"","format":"standard","meta":{"_lmt_disableupdate":"","_lmt_disable":"","_jetpack_memberships_contains_paid_content":false,"footnotes":""},"categories":[109,47],"tags":[2235],"class_list":["post-68651","post","type-post","status-publish","format-standard","has-post-thumbnail","hentry","category-minuto-a-minuto","category-zona-gris","tag-tribunal-electoral-del-estado-de-oaxaca-teeo"],"jetpack_featured_media_url":"https:\/\/zonaroja.com.mx\/wp-content\/uploads\/2024\/05\/Tribunal-Electoral-TEEO.jpeg","jetpack_sharing_enabled":true,"_links":{"self":[{"href":"https:\/\/zonaroja.com.mx\/index.php?rest_route=\/wp\/v2\/posts\/68651","targetHints":{"allow":["GET"]}}],"collection":[{"href":"https:\/\/zonaroja.com.mx\/index.php?rest_route=\/wp\/v2\/posts"}],"about":[{"href":"https:\/\/zonaroja.com.mx\/index.php?rest_route=\/wp\/v2\/types\/post"}],"author":[{"embeddable":true,"href":"https:\/\/zonaroja.com.mx\/index.php?rest_route=\/wp\/v2\/users\/2"}],"replies":[{"embeddable":true,"href":"https:\/\/zonaroja.com.mx\/index.php?rest_route=%2Fwp%2Fv2%2Fcomments&post=68651"}],"version-history":[{"count":1,"href":"https:\/\/zonaroja.com.mx\/index.php?rest_route=\/wp\/v2\/posts\/68651\/revisions"}],"predecessor-version":[{"id":68652,"href":"https:\/\/zonaroja.com.mx\/index.php?rest_route=\/wp\/v2\/posts\/68651\/revisions\/68652"}],"wp:featuredmedia":[{"embeddable":true,"href":"https:\/\/zonaroja.com.mx\/index.php?rest_route=\/wp\/v2\/media\/68225"}],"wp:attachment":[{"href":"https:\/\/zonaroja.com.mx\/index.php?rest_route=%2Fwp%2Fv2%2Fmedia&parent=68651"}],"wp:term":[{"taxonomy":"category","embeddable":true,"href":"https:\/\/zonaroja.com.mx\/index.php?rest_route=%2Fwp%2Fv2%2Fcategories&post=68651"},{"taxonomy":"post_tag","embeddable":true,"href":"https:\/\/zonaroja.com.mx\/index.php?rest_route=%2Fwp%2Fv2%2Ftags&post=68651"}],"curies":[{"name":"wp","href":"https:\/\/api.w.org\/{rel}","templated":true}]}}