{"id":68653,"date":"2024-05-23T12:42:00","date_gmt":"2024-05-23T18:42:00","guid":{"rendered":"https:\/\/zonaroja.com.mx\/?p=68653"},"modified":"2024-05-23T07:45:49","modified_gmt":"2024-05-23T13:45:49","slug":"alertan-que-mexico-tendra-ola-de-calor-mas-alta-en-toda-su-historia","status":"publish","type":"post","link":"https:\/\/zonaroja.com.mx\/?p=68653","title":{"rendered":"Alertan que M\u00e9xico tendr\u00e1 ola de calor m\u00e1s alta en toda su historia"},"content":{"rendered":"\n<p>Redacci\u00f3n\/Zona Roja Cdmx.<\/p>\n\n\n\n<p>Ciudad de M\u00e9xico, a 23 de mayo de 2024.- El pa\u00eds atravesar\u00e1 en los pr\u00f3ximos d\u00edas por la ola de calor m\u00e1s alta que ha registrado en toda su historia, lo cual significa una situaci\u00f3n potencialmente peligrosa, pues las ciudades y pueblos enfrentar\u00e1n un escenario que nunca han vivido antes, advirtieron especialistas de la Universidad Nacional Aut\u00f3noma de M\u00e9xico (UNAM).<\/p>\n\n\n\n<p>Durante un conversatorio realizado ayer, Jorge Zavala Hidalgo, director del Instituto de Ciencias de la Atm\u00f3sfera y Cambio Clim\u00e1tico (ICAyCC) de la m\u00e1xima casa de estudios, record\u00f3 que las actuales alzas de temperatura en M\u00e9xico ya han causado 26 defunciones en varios estados y m\u00e1s de 600 afectados, sobre todo por golpes de calor o deshidrataci\u00f3n.<\/p>\n\n\n\n<p>En ese marco, destac\u00f3 que lo que resta de mayo y los primeros de junio est\u00e1 pronosticada la ola de calor m\u00e1s intensa de la historia, lo que afectar\u00e1 a pr\u00e1cticamente todo el pa\u00eds, excepto el noroeste.<\/p>\n\n\n\n<p>Estas condiciones se mantendr\u00e1n la pr\u00f3xima semana y por un periodo de al menos 10 d\u00edas m\u00e1s, dijo el experto, quien enfatiz\u00f3 que \u201cno se tiene precedente (de esta situaci\u00f3n). Las distintas comunidades van a experimentar temperaturas que no han experimentado nunca antes, no tienen una preparaci\u00f3n de c\u00f3mo responder a estas condiciones\u201d.<\/p>\n\n\n\n<p>A dicho escenario, dijo Zavala, se sumar\u00e1 el hecho de que existen m\u00faltiples incendios forestales en M\u00e9xico y Centroam\u00e9rica, y que el calor favorece la concentraci\u00f3n de ozono, por lo que la calidad del aire ser\u00e1 muy mala. Debido a ello, \u201cse requiere un esfuerzo colectivo muy grande para reducir los impactos que vamos a tener\u201d.<\/p>\n\n\n\n<p>Por su parte, V\u00edctor Manuel Torres Puente, investigador de meteorolog\u00eda tropical del ICAyCC, destac\u00f3 que este tipo de olas de calor ser\u00e1n cada vez m\u00e1s frecuentes, intensas y de mayor duraci\u00f3n, al tiempo que resalt\u00f3 que el origen de ello es el cambio clim\u00e1tico generado por las actividades humanas.<\/p>\n\n\n\n<p>En las \u00faltimas 24 horas, la temperatura m\u00e1s alta se registr\u00f3 en Monclova, Coahuila, con 49.5 grados cent\u00edgrados, y se espera que en los pr\u00f3ximos 10 o 15 d\u00edas en la capital del pa\u00eds el term\u00f3metro incluso pueda superar los 35 grados.<\/p>\n\n\n\n<p>Francisco Estrada Porr\u00faa, coordinador del programa de investigaci\u00f3n en cambio clim\u00e1tico de la UNAM, apunt\u00f3 que en M\u00e9xico la temperatura ha aumentado 1.7 grados con respecto al periodo preindustrial (1850-1900), a diferencia del promedio mundial de 1.2 o 1.3, y alert\u00f3 que en algunas regiones del norte y sur del pa\u00eds podr\u00edan ocurrir alzas de hasta 5 o 6 grados por siglo.<\/p>\n\n\n\n<p>El experto se\u00f1al\u00f3 que en las ciudades ocurre adem\u00e1s el llamado efecto \u201cisla de calor\u201d, causado por falta de vegetaci\u00f3n y la existencia \u00fanicamente de concreto y pavimento.<\/p>\n\n\n\n<p>En cuanto a la capital del pa\u00eds y su zona metropolitana, ese fen\u00f3meno es especialmente grave en las alcald\u00edas Iztacalco, Iztapalapa, Cuauht\u00e9moc, Gustavo A. Madero y Venustiano Carranza, adem\u00e1s del municipio mexiquense de Nezahualc\u00f3yotl, donde la \u201cisla de calor\u201d genera alzas de entre 2 y 4 grados extras, y se tienen menores \u00edndices de desarrollo social.<\/p>\n\n\n\n<p>Estrada resalt\u00f3 que si se cumplieran los acuerdos de las cumbres clim\u00e1ticas el pa\u00eds contar\u00eda con al menos 13 a\u00f1os m\u00e1s para hacer labores de adaptaci\u00f3n ante el calentamiento global, y resalt\u00f3 que aunque los eventos extremos (como huracanes y olas de calor) son muy da\u00f1inos, los peores impactos son generados por los riesgos cr\u00f3nicos del aumento de la temperatura, los cuales \u201cavanzan lentamente y no son tan espectaculares\u201d.<\/p>\n\n\n\n<p>Alert\u00f3 que las p\u00e9rdidas econ\u00f3micas en M\u00e9xico por el cambio clim\u00e1tico rebasar\u00e1n los mil millones de d\u00f3lares en esta d\u00e9cada o la siguiente, y para fines de este siglo podr\u00edan equivaler hasta al 85 por ciento del Producto Interno Bruto del pa\u00eds.<\/p>\n\n\n\n<p>Por tal raz\u00f3n, dijo, es necesario poner en marcha medidas estructurales de mediano y largo plazo para atender este conflicto, pues \u201cno ganaremos la carrera solo con ajustes peque\u00f1os y cambios personales\u201d.<\/p>\n\n\n\n<p>Ante las olas de calor de los pr\u00f3ximos d\u00edas, los expertos recomendaron exponerse lo menos posible al sol, tomar mucha agua, vestir de colores claros, tomar pausas en las actividades diarias para evitar golpes de calor, usar bloqueador solar varias veces al d\u00eda, tener lista una red de apoyo en caso de presentar alg\u00fan malestar y acudir con el m\u00e9dico si es necesario.<\/p>\n\n\n\n<p>(Informaci\u00f3n de \u201cLa Jornada\u201d)<\/p>\n","protected":false},"excerpt":{"rendered":"<p>Redacci\u00f3n\/Zona Roja Cdmx. Ciudad de M\u00e9xico, a 23 de mayo de 2024.- El pa\u00eds atravesar\u00e1&hellip;<\/p>\n","protected":false},"author":2,"featured_media":68091,"comment_status":"closed","ping_status":"open","sticky":false,"template":"","format":"standard","meta":{"_lmt_disableupdate":"","_lmt_disable":"","_jetpack_memberships_contains_paid_content":false,"footnotes":""},"categories":[109,47],"tags":[3583],"class_list":["post-68653","post","type-post","status-publish","format-standard","has-post-thumbnail","hentry","category-minuto-a-minuto","category-zona-gris","tag-ola-de-calor"],"jetpack_featured_media_url":"https:\/\/zonaroja.com.mx\/wp-content\/uploads\/2024\/05\/Ola-de-calor.jpeg","jetpack_sharing_enabled":true,"_links":{"self":[{"href":"https:\/\/zonaroja.com.mx\/index.php?rest_route=\/wp\/v2\/posts\/68653","targetHints":{"allow":["GET"]}}],"collection":[{"href":"https:\/\/zonaroja.com.mx\/index.php?rest_route=\/wp\/v2\/posts"}],"about":[{"href":"https:\/\/zonaroja.com.mx\/index.php?rest_route=\/wp\/v2\/types\/post"}],"author":[{"embeddable":true,"href":"https:\/\/zonaroja.com.mx\/index.php?rest_route=\/wp\/v2\/users\/2"}],"replies":[{"embeddable":true,"href":"https:\/\/zonaroja.com.mx\/index.php?rest_route=%2Fwp%2Fv2%2Fcomments&post=68653"}],"version-history":[{"count":1,"href":"https:\/\/zonaroja.com.mx\/index.php?rest_route=\/wp\/v2\/posts\/68653\/revisions"}],"predecessor-version":[{"id":68654,"href":"https:\/\/zonaroja.com.mx\/index.php?rest_route=\/wp\/v2\/posts\/68653\/revisions\/68654"}],"wp:featuredmedia":[{"embeddable":true,"href":"https:\/\/zonaroja.com.mx\/index.php?rest_route=\/wp\/v2\/media\/68091"}],"wp:attachment":[{"href":"https:\/\/zonaroja.com.mx\/index.php?rest_route=%2Fwp%2Fv2%2Fmedia&parent=68653"}],"wp:term":[{"taxonomy":"category","embeddable":true,"href":"https:\/\/zonaroja.com.mx\/index.php?rest_route=%2Fwp%2Fv2%2Fcategories&post=68653"},{"taxonomy":"post_tag","embeddable":true,"href":"https:\/\/zonaroja.com.mx\/index.php?rest_route=%2Fwp%2Fv2%2Ftags&post=68653"}],"curies":[{"name":"wp","href":"https:\/\/api.w.org\/{rel}","templated":true}]}}