{"id":68655,"date":"2024-05-23T10:28:00","date_gmt":"2024-05-23T16:28:00","guid":{"rendered":"https:\/\/zonaroja.com.mx\/?p=68655"},"modified":"2024-05-23T08:30:16","modified_gmt":"2024-05-23T14:30:16","slug":"lopez-obrador-es-un-traidor-a-la-patria-pan-oaxaca","status":"publish","type":"post","link":"https:\/\/zonaroja.com.mx\/?p=68655","title":{"rendered":"L\u00f3pez Obrador es un traidor a la Patria: PAN Oaxaca"},"content":{"rendered":"\n<p>Raymundo Morales\/Zona Roja.<\/p>\n\n\n\n<p>Oaxaca de Ju\u00e1rez, Oax., a 23 de mayo de 2024.- Tras hace un llamado al voto \u00fatil para sacar a Morena del gobierno, la dirigente estatal del PAN, Perla Woolrich Fern\u00e1ndez, lament\u00f3 que el Presidente de M\u00e9xico, Andr\u00e9s Manuel L\u00f3pez Obrador, siga criminalizando abiertamente a la oposici\u00f3n.<\/p>\n\n\n\n<p>\u201cLlam\u00f3 mi atenci\u00f3n y provoc\u00f3 mi disgusto que Obrador dijo que la bandera se iba a izar (el pasado domingo) a\u00fan cuando lo pidieran los traidores a la Patria\u201d, expuso este mi\u00e9rcoles en su conferencia de prensa semanal.<\/p>\n\n\n\n<p>Sin embargo, dijo, el Presidente es el traidor a la Patria, pues lo ha demostrado con sus hechos, porque su ideolog\u00eda no coincide con la democracia.<\/p>\n\n\n\n<p>Adem\u00e1s, trae agentes que manejan las dictaduras para infiltrarse en las manifestaciones de los partidos de oposici\u00f3n, como ocurri\u00f3 con la marcha de la \u201cMarea Rosa\u201d del pasado domingo.<\/p>\n\n\n\n<p>Tambi\u00e9n, porque ha privilegiado la ayuda a pa\u00edses \u201cque tienen otra manera de pensar\u201d, como es el caso de regalarles petr\u00f3leo, regalarles dinero para sus migrantes, enviarles programas sociales, \u201colvid\u00e1ndose que ac\u00e1 tenemos gente muri\u00e9ndose de hambre, ha dado lo que no es de \u00e9l\u201d.<\/p>\n\n\n\n<p>Lament\u00f3 asimismo la violencia criminal que contin\u00faa en el pa\u00eds, en medio de la cual se desenvuelven las campa\u00f1as electorales, lo que ha generado a su vez una contienda inequitativa.<\/p>\n\n\n\n<p>Retom\u00f3 la marcha de la \u201cMarea Rosa\u201d y dijo que con ello se demostr\u00f3 que Claudia Sheinbaum no ganar\u00e1 la Presidencia de M\u00e9xico, pues X\u00f3chitl G\u00e1lvez ha demostrado d\u00eda con d\u00eda que millones de personas la respaldan.<\/p>\n\n\n\n<p>\u201cOaxaca no se qued\u00f3 atr\u00e1s, fue uno de los muchos estados que lograron reunir a miles de personas, para que se d\u00e9 cuenta el se\u00f1or Presidente que queremos un cambio de gobierno\u201d.<\/p>\n\n\n\n<p>Respecto del debate del pasado domingo, dijo que la candidata de \u201cFuerza y Coraz\u00f3n por M\u00e9xico\u201d demostr\u00f3 una vez m\u00e1s que conoce el pa\u00eds, sus problemas y sus soluciones.<\/p>\n\n\n\n<p>\u201cTenemos que llamar a los ciudadanos al voto \u00fatil; tenemos tres candidatos pero una es una mujer sin alma, sin sentimientos, un maniqu\u00ed hecho a modo y espero que la gente no se deje enga\u00f1ar\u201d, recalc\u00f3.<\/p>\n\n\n\n<figure class=\"wp-block-embed is-type-rich is-provider-twitter wp-block-embed-twitter\"><div class=\"wp-block-embed__wrapper\">\n<div class=\"twitter-tweet\"><blockquote class=\"twitter-tweet\" data-lang=\"es\"><p lang=\"es\" dir=\"ltr\">Reprocha la dirigente del <a href=\"https:\/\/twitter.com\/PANOaxaca?ref_src=twsrc%5Etfw\">@PANOaxaca<\/a>, <a href=\"https:\/\/twitter.com\/PerlaWoolrich?ref_src=twsrc%5Etfw\">@PerlaWoolrich<\/a>, que <a href=\"https:\/\/twitter.com\/lopezobrador_?ref_src=twsrc%5Etfw\">@lopezobrador_<\/a> descalifique todos los d\u00edas a la oposici\u00f3n y los llame traidores a la Patria. <br>\u201cEste se\u00f1or es el traidor a la Patria, porque su ideolog\u00eda no coincide con la democracia\u2026 trae a gente que manejan las\u2026 <a href=\"https:\/\/t.co\/0y8v1LrQqJ\">pic.twitter.com\/0y8v1LrQqJ<\/a><\/p>&mdash; Zona Roja Oaxaca (@ZonaRoja_Oaxaca) <a href=\"https:\/\/twitter.com\/ZonaRoja_Oaxaca\/status\/1793377156485329203?ref_src=twsrc%5Etfw\">22 de mayo de 2024<\/a><\/blockquote><\/div>\n<\/div><\/figure>\n","protected":false},"excerpt":{"rendered":"<p>Raymundo Morales\/Zona Roja. Oaxaca de Ju\u00e1rez, Oax., a 23 de mayo de 2024.- Tras hace&hellip;<\/p>\n","protected":false},"author":2,"featured_media":68656,"comment_status":"closed","ping_status":"open","sticky":false,"template":"","format":"standard","meta":{"_lmt_disableupdate":"","_lmt_disable":"","_jetpack_memberships_contains_paid_content":false,"footnotes":""},"categories":[109,46],"tags":[3874],"class_list":["post-68655","post","type-post","status-publish","format-standard","has-post-thumbnail","hentry","category-minuto-a-minuto","category-zona-blanca","tag-perla-woolrich"],"jetpack_featured_media_url":"https:\/\/zonaroja.com.mx\/wp-content\/uploads\/2024\/05\/Perla-Woolrich-1.jpg","jetpack_sharing_enabled":true,"_links":{"self":[{"href":"https:\/\/zonaroja.com.mx\/index.php?rest_route=\/wp\/v2\/posts\/68655","targetHints":{"allow":["GET"]}}],"collection":[{"href":"https:\/\/zonaroja.com.mx\/index.php?rest_route=\/wp\/v2\/posts"}],"about":[{"href":"https:\/\/zonaroja.com.mx\/index.php?rest_route=\/wp\/v2\/types\/post"}],"author":[{"embeddable":true,"href":"https:\/\/zonaroja.com.mx\/index.php?rest_route=\/wp\/v2\/users\/2"}],"replies":[{"embeddable":true,"href":"https:\/\/zonaroja.com.mx\/index.php?rest_route=%2Fwp%2Fv2%2Fcomments&post=68655"}],"version-history":[{"count":1,"href":"https:\/\/zonaroja.com.mx\/index.php?rest_route=\/wp\/v2\/posts\/68655\/revisions"}],"predecessor-version":[{"id":68657,"href":"https:\/\/zonaroja.com.mx\/index.php?rest_route=\/wp\/v2\/posts\/68655\/revisions\/68657"}],"wp:featuredmedia":[{"embeddable":true,"href":"https:\/\/zonaroja.com.mx\/index.php?rest_route=\/wp\/v2\/media\/68656"}],"wp:attachment":[{"href":"https:\/\/zonaroja.com.mx\/index.php?rest_route=%2Fwp%2Fv2%2Fmedia&parent=68655"}],"wp:term":[{"taxonomy":"category","embeddable":true,"href":"https:\/\/zonaroja.com.mx\/index.php?rest_route=%2Fwp%2Fv2%2Fcategories&post=68655"},{"taxonomy":"post_tag","embeddable":true,"href":"https:\/\/zonaroja.com.mx\/index.php?rest_route=%2Fwp%2Fv2%2Ftags&post=68655"}],"curies":[{"name":"wp","href":"https:\/\/api.w.org\/{rel}","templated":true}]}}