{"id":6866,"date":"2019-12-22T11:35:20","date_gmt":"2019-12-22T17:35:20","guid":{"rendered":"http:\/\/www.zonaroja.com.mx\/?p=6866"},"modified":"2019-12-22T07:36:50","modified_gmt":"2019-12-22T13:36:50","slug":"el-caso-de-maria-elena-tres-meses-y-nada","status":"publish","type":"post","link":"https:\/\/zonaroja.com.mx\/?p=6866","title":{"rendered":"El caso de Mar\u00eda Elena, tres meses\u2026 y nada"},"content":{"rendered":"\n<p>Art\u00edculo\npublicado en \u201cMilenio\u201d<\/p>\n\n\n\n<p>La\ntragedia de Mar\u00eda Elena R\u00edos, quemada con \u00e1cido por un hombre hasta ahora\npr\u00f3fugo y quiz\u00e1 con protecciones poderosas en el estado, es una conmovedora\ndesgracia personal, pero tambi\u00e9n una indignante verg\u00fcenza p\u00fablica que exhibe\nalgunos de los peores resabios y rezagos del desprecio machista y de la\nsumisi\u00f3n de la mujer, dos de las formas aberrantes de entender una parte de los\nusos y costumbres en Oaxaca y en otros estados. <\/p>\n\n\n\n<p>Estamos\ncon la v\u00edctima, la apoyamos en el duro proceso de su restablecimiento personal\nde la salud, pero tambi\u00e9n pensamos en la dimensi\u00f3n social de lo ocurrido.<\/p>\n\n\n\n<p>Es\nmomento de llamar la atenci\u00f3n de los oaxaque\u00f1os, como lo hemos hecho en otras\nocasiones desde el OCUC, foro de reflexi\u00f3n de numerosos artistas entregados a\nm\u00faltiples disciplinas para analizar asuntos de trascendencia en la vida de\nOaxaca. <\/p>\n\n\n\n<p>El\nagresor de Mar\u00eda Elena se encuentra huyendo sin duda, eventualmente \u2014queremos\ncreer\u2014 ser\u00e1 detenido y llevado ante un juez penal, tal y como el Presidente de\nla Rep\u00fablica, Andr\u00e9s Manuel L\u00f3pez Obrador, y el gobernador Alejandro Murat\nHinojosa han ofrecido lograr, al exigir especial empe\u00f1o en lograr la detenci\u00f3n\ndel o los agresores de Mar\u00eda Elena.<\/p>\n\n\n\n<p>La\ndimensi\u00f3n social de ese agravio importa a todos y, desde luego, a las mujeres\npor estar expuestas a\u00fan a todas las formas abiertas y soterradas de la\nviolencia mis\u00f3gina y con un sistema de justicia mal capacitado para entender\nestos delitos.<\/p>\n\n\n\n<p>Hay mucho\nqu\u00e9 reflexionar acerca de los numerosos atavismos de g\u00e9nero que persisten entre\nnosotros e insisten en mantener relegada a la mujer en un segundo plano, como\nser destinado a callar y a obedecer, perpetuando su condici\u00f3n relegada en la\nvida social, laboral e incluso dentro del seno familiar. <\/p>\n\n\n\n<p>De las\nconductas m\u00e1s persistentes y sutiles del desprecio y del machismo a\u00fan en vigor,\ntodos somos cuando menos sospechosos si no de prohijarlas y reproducirlas, s\u00ed\nal menos de callar ante ellas y considerarlas incluso parte del mundo\nancestral, de la vertiente ind\u00edgena y de las sociedades patriarcales, tejidas\nalrededor de la insostenible idea de la superioridad masculina. <\/p>\n\n\n\n<p>Los\natavismos de g\u00e9nero, contrarios a reconocer la igualdad de hombres y mujeres ante\nel derecho, permanece profundamente arraigado casi en todo M\u00e9xico, pero anida\nfuertemente en comunidades regidas por usos y costumbres, como hay cientos en\nnuestro estado, en Guerrero, Tabasco, Veracruz, Campeche, Yucat\u00e1n y Chiapas. <\/p>\n\n\n\n<p>Muchos\npol\u00edticos consideran intocables algunas expresiones de los usos machistas que\na\u00fan perduran, ya que forman parte \u2014dicen\u2014 \u201cdel M\u00e9xico profundo\u201d (shhh,\nsilencio, no hablen fuerte, de la discriminaci\u00f3n hacia las mujeres, parecen\ndecir cada que surge un caso o un agravio machista y de odio como el que hizo\nv\u00edctima a Mar\u00eda Elena R\u00edos en Huajuapan de Le\u00f3n). <\/p>\n\n\n\n<p>Con el\nsentir indignado de muchos oaxaque\u00f1os y de los compa\u00f1eros artistas del\ncolectivo OCUC que ahora encabezo, ped\u00ed al gobernador Alejandro Murat mantener\nactiva esa investigaci\u00f3n profesional, seria y expedita que impida el\ndescarrilamiento del esfuerzo justiciero en favor de Mar\u00eda Elena. <\/p>\n\n\n\n<p>Su\nagresor \u2014sea quien sea y sus c\u00f3mplices, si los tiene\u2014 debe ser aprehendido y\ncastigado de manera ejemplar con la ley en la mano. Hemos solicitado que se\nmantenga hacia la familia y hacia diversos colectivos de la sociedad civil\noaxaque\u00f1a informaci\u00f3n que permita avivar la reflexi\u00f3n sobre los derechos de las\nmujeres y que la tragedia sea motor para impulsar su reconocimiento. <\/p>\n\n\n\n<p>Han\npasado m\u00e1s de tres meses (el 9 de enero ser\u00e1n cuatro) desde que Mar\u00eda Elena\nR\u00edos fue agredida. <\/p>\n\n\n\n<p>No\nqueremos que pase mucho tiempo m\u00e1s sin cerrar con justicia este agravio infame\ny sin incorporar las reflexiones que el caso despierta al aprendizaje c\u00edvico de\nla igualdad de g\u00e9nero, del respeto a las mujeres en cualquier \u00e1mbito de la vida\np\u00fablica, tambi\u00e9n en la familia y en cualquier espacio de la vida privada, all\u00ed\ndonde primero surgen muchos de los conceptos torcidos que debemos cambiar. <\/p>\n\n\n\n<p>* Pintor\noaxaque\u00f1o<\/p>\n","protected":false},"excerpt":{"rendered":"<p>Art\u00edculo publicado en \u201cMilenio\u201d La tragedia de Mar\u00eda Elena R\u00edos, quemada con \u00e1cido por un&hellip;<\/p>\n","protected":false},"author":2,"featured_media":6633,"comment_status":"closed","ping_status":"open","sticky":false,"template":"","format":"standard","meta":{"_lmt_disableupdate":"","_lmt_disable":"","_jetpack_memberships_contains_paid_content":false,"footnotes":""},"categories":[109,51],"tags":[1124,1164],"class_list":["post-6866","post","type-post","status-publish","format-standard","has-post-thumbnail","hentry","category-minuto-a-minuto","category-zona-roja","tag-maria-elena-rios-ortiz","tag-sergio-hernandez"],"jetpack_featured_media_url":"https:\/\/zonaroja.com.mx\/wp-content\/uploads\/2019\/12\/Mar\u00eda-Elena-R\u00edos2.jpg","jetpack_sharing_enabled":true,"_links":{"self":[{"href":"https:\/\/zonaroja.com.mx\/index.php?rest_route=\/wp\/v2\/posts\/6866","targetHints":{"allow":["GET"]}}],"collection":[{"href":"https:\/\/zonaroja.com.mx\/index.php?rest_route=\/wp\/v2\/posts"}],"about":[{"href":"https:\/\/zonaroja.com.mx\/index.php?rest_route=\/wp\/v2\/types\/post"}],"author":[{"embeddable":true,"href":"https:\/\/zonaroja.com.mx\/index.php?rest_route=\/wp\/v2\/users\/2"}],"replies":[{"embeddable":true,"href":"https:\/\/zonaroja.com.mx\/index.php?rest_route=%2Fwp%2Fv2%2Fcomments&post=6866"}],"version-history":[{"count":1,"href":"https:\/\/zonaroja.com.mx\/index.php?rest_route=\/wp\/v2\/posts\/6866\/revisions"}],"predecessor-version":[{"id":6867,"href":"https:\/\/zonaroja.com.mx\/index.php?rest_route=\/wp\/v2\/posts\/6866\/revisions\/6867"}],"wp:featuredmedia":[{"embeddable":true,"href":"https:\/\/zonaroja.com.mx\/index.php?rest_route=\/wp\/v2\/media\/6633"}],"wp:attachment":[{"href":"https:\/\/zonaroja.com.mx\/index.php?rest_route=%2Fwp%2Fv2%2Fmedia&parent=6866"}],"wp:term":[{"taxonomy":"category","embeddable":true,"href":"https:\/\/zonaroja.com.mx\/index.php?rest_route=%2Fwp%2Fv2%2Fcategories&post=6866"},{"taxonomy":"post_tag","embeddable":true,"href":"https:\/\/zonaroja.com.mx\/index.php?rest_route=%2Fwp%2Fv2%2Ftags&post=6866"}],"curies":[{"name":"wp","href":"https:\/\/api.w.org\/{rel}","templated":true}]}}