{"id":68660,"date":"2024-05-23T17:23:52","date_gmt":"2024-05-23T23:23:52","guid":{"rendered":"https:\/\/zonaroja.com.mx\/?p=68660"},"modified":"2024-05-23T17:23:55","modified_gmt":"2024-05-23T23:23:55","slug":"preocupa-a-onu-dh-desaparicion-y-muerte-de-2-menores-en-mexico","status":"publish","type":"post","link":"https:\/\/zonaroja.com.mx\/?p=68660","title":{"rendered":"Preocupa a ONU-DH desaparici\u00f3n y muerte de 2 menores en M\u00e9xico"},"content":{"rendered":"\n<p>Redacci\u00f3n\/Zona Roja Cdmx.<\/p>\n\n\n\n<p>Ciudad de M\u00e9xico, a 23 de mayo de 2024.- La Oficina en M\u00e9xico del Alto Comisionado de las Naciones Unidas para los Derechos Humanos (ONU-DH) expres\u00f3 su preocupaci\u00f3n por la desaparici\u00f3n del ni\u00f1o ind\u00edgena Javier Modesto, en Guanajuato el 15 de mayo pasado, y el asesinato de Dante Emiliano, de 11 a\u00f1os de edad, en Tabasco.&nbsp;<\/p>\n\n\n\n<p>En ambos casos, pidi\u00f3 a las autoridades actuar diligentemente y garantizar el inter\u00e9s superior de la ni\u00f1ez.<\/p>\n\n\n\n<p>Los ni\u00f1os y las ni\u00f1as \u201ctienen derecho a una protecci\u00f3n especial\u201d, manifest\u00f3.<\/p>\n\n\n\n<p>En redes sociales, expuso que Javier Modesto desapareci\u00f3 mientras acompa\u00f1aba a sus padres campesinos en el municipio de Romita, \u00abpese a las medidas adoptadas, sigue sin saberse su paradero\u201d, se\u00f1al\u00f3. Inst\u00f3 a las autoridades a redoblar esfuerzos hasta encontrarle.<\/p>\n\n\n\n<p>En cuanto al asesinato de Dante Emiliano, record\u00f3 que sucedi\u00f3 ayer mi\u00e9rcoles en Para\u00edso. \u201cSu muerte nos consterna\u201d, extern\u00f3, al tiempo que llam\u00f3 a la Fiscal\u00eda General del Estado de Tabasco \u201ca realizar una investigaci\u00f3n pronta y exhaustiva, a fin de identificar y sancionar a responsables.<\/p>\n\n\n\n<p>En este caso, ayer en&nbsp;redes sociales se divulg\u00f3 un video en el que se ve al menor lesionado, boca arriba, diciendo a quienes lo rodean: \u201c\u00a1no me quiero morir!.<\/p>\n","protected":false},"excerpt":{"rendered":"<p>Redacci\u00f3n\/Zona Roja Cdmx. Ciudad de M\u00e9xico, a 23 de mayo de 2024.- La Oficina en&hellip;<\/p>\n","protected":false},"author":2,"featured_media":68661,"comment_status":"closed","ping_status":"open","sticky":false,"template":"","format":"standard","meta":{"_lmt_disableupdate":"","_lmt_disable":"","_jetpack_memberships_contains_paid_content":false,"footnotes":""},"categories":[109,47],"tags":[3947],"class_list":["post-68660","post","type-post","status-publish","format-standard","has-post-thumbnail","hentry","category-minuto-a-minuto","category-zona-gris","tag-emiliano-tabasco"],"jetpack_featured_media_url":"https:\/\/zonaroja.com.mx\/wp-content\/uploads\/2024\/05\/Emiliano-Paraiso-Tabasco.jpeg","jetpack_sharing_enabled":true,"_links":{"self":[{"href":"https:\/\/zonaroja.com.mx\/index.php?rest_route=\/wp\/v2\/posts\/68660","targetHints":{"allow":["GET"]}}],"collection":[{"href":"https:\/\/zonaroja.com.mx\/index.php?rest_route=\/wp\/v2\/posts"}],"about":[{"href":"https:\/\/zonaroja.com.mx\/index.php?rest_route=\/wp\/v2\/types\/post"}],"author":[{"embeddable":true,"href":"https:\/\/zonaroja.com.mx\/index.php?rest_route=\/wp\/v2\/users\/2"}],"replies":[{"embeddable":true,"href":"https:\/\/zonaroja.com.mx\/index.php?rest_route=%2Fwp%2Fv2%2Fcomments&post=68660"}],"version-history":[{"count":1,"href":"https:\/\/zonaroja.com.mx\/index.php?rest_route=\/wp\/v2\/posts\/68660\/revisions"}],"predecessor-version":[{"id":68662,"href":"https:\/\/zonaroja.com.mx\/index.php?rest_route=\/wp\/v2\/posts\/68660\/revisions\/68662"}],"wp:featuredmedia":[{"embeddable":true,"href":"https:\/\/zonaroja.com.mx\/index.php?rest_route=\/wp\/v2\/media\/68661"}],"wp:attachment":[{"href":"https:\/\/zonaroja.com.mx\/index.php?rest_route=%2Fwp%2Fv2%2Fmedia&parent=68660"}],"wp:term":[{"taxonomy":"category","embeddable":true,"href":"https:\/\/zonaroja.com.mx\/index.php?rest_route=%2Fwp%2Fv2%2Fcategories&post=68660"},{"taxonomy":"post_tag","embeddable":true,"href":"https:\/\/zonaroja.com.mx\/index.php?rest_route=%2Fwp%2Fv2%2Ftags&post=68660"}],"curies":[{"name":"wp","href":"https:\/\/api.w.org\/{rel}","templated":true}]}}