{"id":68663,"date":"2024-05-23T19:55:22","date_gmt":"2024-05-24T01:55:22","guid":{"rendered":"https:\/\/zonaroja.com.mx\/?p=68663"},"modified":"2024-05-23T19:55:25","modified_gmt":"2024-05-24T01:55:25","slug":"inedito-cuatro-dias-de-bloqueo-en-carretera-de-oaxaca-por-lio-interno","status":"publish","type":"post","link":"https:\/\/zonaroja.com.mx\/?p=68663","title":{"rendered":"In\u00e9dito: cuatro d\u00edas de bloqueo en carretera de Oaxaca por l\u00edo interno"},"content":{"rendered":"\n<p>Raymundo Morales\/Zona Roja.<\/p>\n\n\n\n<p>Oaxaca de Ju\u00e1rez, Oax., a 23 de mayo de 2024.- Este jueves se cumplieron cuatro d\u00edas de bloqueo a la carretera federal 131 Oaxaca-Puerto Escondido, a la altura de Ayoquezco de Aldama, por un conflicto interno de este municipio.<\/p>\n\n\n\n<p>Hasta el momento ninguna autoridad estatal ha logrado establecer un acuerdo con los inconformes, que exigen la destituci\u00f3n formal de su edil Alejandro Gabriel Javier Barroso.<\/p>\n\n\n\n<p>Los inconformes recordaron que al asumir el cargo, el mun\u00edcipe se comprometi\u00f3 a renunciar si no daba resultados a la poblaci\u00f3n, pero desde que lo destituyeron, ha hecho caso omiso.<\/p>\n\n\n\n<p>Fue el pasado 14 de abril en que en asamblea general, la comunidad determin\u00f3 destituir al presidente municipal, a quien acusan de corrupci\u00f3n, desv\u00edo de recursos y nulas obras p\u00fablicas.<\/p>\n\n\n\n<p>La inconformidad ahora es tambi\u00e9n por la ingobernabilidad que prevalece en ese municipio de la regi\u00f3n Valles Centrales, pues aseguran que no se ha pagado los sueldos a los trabajadores, entre ellos los polic\u00edas, as\u00ed como no hay servicios b\u00e1sicos.<\/p>\n\n\n\n<p>Denuncian adem\u00e1s que el a\u00f1o pasado, recibi\u00f3 un presupuesto de m\u00e1s de 24 millones de pesos, que supuestamente aplic\u00f3 en varias obras, pero la mayor\u00eda de ellas inservibles o en desuso; hasta ahora no ha habido soluci\u00f3n al respecto.<\/p>\n\n\n\n<p>JUEVES DE CAOS<\/p>\n\n\n\n<p>Oaxaca vivi\u00f3 una en\u00e9sima jornada de caos este jueves, con las movilizaciones tambi\u00e9n de la Secci\u00f3n 22 del SNTE, que hoy decidi\u00f3 bloquear los acceso a la terminal de autobuses ADO, en la ciudad de Oaxaca, as\u00ed como otras empresas camioneras.<\/p>\n\n\n\n<p>Adem\u00e1s, se manifestaron en las sedes gubernamentales de Ciudad Administrativa y Ciudad Judicial, as\u00ed como algunos centros comerciales, entre ellos la Macroplaza de Santa Luc\u00eda del Camino, donde adem\u00e1s bloquearon un carril de la v\u00eda federal.<\/p>\n\n\n\n<p>Otro contingente acudi\u00f3 a cerrar las instalaciones de la Terminal de Almacenamiento y Distribuci\u00f3n de Petr\u00f3leos Mexicanos, en jurisdicci\u00f3n de Santa Mar\u00eda El Tule. Unos m\u00e1s cerraron sedes del Instituto Nacional Electoral en la zona metropolitana de la capital.<\/p>\n\n\n\n<p>En tanto, que en la regi\u00f3n del Istmo, hubo tambi\u00e9n otro bloqueo , en el acceso. Santo Domingo Tehuantepec, a la altura del llamado puente de fierro.<\/p>\n\n\n\n<p>Un grupo de pobladores cerr\u00f3 por varias horas la vialidad, para exigir la dotaci\u00f3n del vital l\u00edquido.<\/p>\n","protected":false},"excerpt":{"rendered":"<p>Raymundo Morales\/Zona Roja. Oaxaca de Ju\u00e1rez, Oax., a 23 de mayo de 2024.- Este jueves&hellip;<\/p>\n","protected":false},"author":2,"featured_media":68664,"comment_status":"closed","ping_status":"open","sticky":false,"template":"","format":"standard","meta":{"_lmt_disableupdate":"","_lmt_disable":"","_jetpack_memberships_contains_paid_content":false,"footnotes":""},"categories":[109,47],"tags":[1975],"class_list":["post-68663","post","type-post","status-publish","format-standard","has-post-thumbnail","hentry","category-minuto-a-minuto","category-zona-gris","tag-bloqueos-carreteros-oaxaca"],"jetpack_featured_media_url":"https:\/\/zonaroja.com.mx\/wp-content\/uploads\/2024\/05\/Bloqueo-Ayoquezco-de-Aldama.jpeg","jetpack_sharing_enabled":true,"_links":{"self":[{"href":"https:\/\/zonaroja.com.mx\/index.php?rest_route=\/wp\/v2\/posts\/68663","targetHints":{"allow":["GET"]}}],"collection":[{"href":"https:\/\/zonaroja.com.mx\/index.php?rest_route=\/wp\/v2\/posts"}],"about":[{"href":"https:\/\/zonaroja.com.mx\/index.php?rest_route=\/wp\/v2\/types\/post"}],"author":[{"embeddable":true,"href":"https:\/\/zonaroja.com.mx\/index.php?rest_route=\/wp\/v2\/users\/2"}],"replies":[{"embeddable":true,"href":"https:\/\/zonaroja.com.mx\/index.php?rest_route=%2Fwp%2Fv2%2Fcomments&post=68663"}],"version-history":[{"count":1,"href":"https:\/\/zonaroja.com.mx\/index.php?rest_route=\/wp\/v2\/posts\/68663\/revisions"}],"predecessor-version":[{"id":68665,"href":"https:\/\/zonaroja.com.mx\/index.php?rest_route=\/wp\/v2\/posts\/68663\/revisions\/68665"}],"wp:featuredmedia":[{"embeddable":true,"href":"https:\/\/zonaroja.com.mx\/index.php?rest_route=\/wp\/v2\/media\/68664"}],"wp:attachment":[{"href":"https:\/\/zonaroja.com.mx\/index.php?rest_route=%2Fwp%2Fv2%2Fmedia&parent=68663"}],"wp:term":[{"taxonomy":"category","embeddable":true,"href":"https:\/\/zonaroja.com.mx\/index.php?rest_route=%2Fwp%2Fv2%2Fcategories&post=68663"},{"taxonomy":"post_tag","embeddable":true,"href":"https:\/\/zonaroja.com.mx\/index.php?rest_route=%2Fwp%2Fv2%2Ftags&post=68663"}],"curies":[{"name":"wp","href":"https:\/\/api.w.org\/{rel}","templated":true}]}}