{"id":68669,"date":"2024-05-24T10:20:00","date_gmt":"2024-05-24T16:20:00","guid":{"rendered":"https:\/\/zonaroja.com.mx\/?p=68669"},"modified":"2024-05-24T06:47:53","modified_gmt":"2024-05-24T12:47:53","slug":"familiares-de-personas-desaparecidas-participan-en-taller-de-autocuidado","status":"publish","type":"post","link":"https:\/\/zonaroja.com.mx\/?p=68669","title":{"rendered":"Familiares de personas desaparecidas participan en taller de autocuidado\u00a0"},"content":{"rendered":"\n<p>Redacci\u00f3n\/Zona Roja.&nbsp;<\/p>\n\n\n\n<p>Oaxaca de Ju\u00e1rez, Oax., a 24 de mayo de 2024.- Integrantes de diversos colectivos de b\u00fasqueda de personas desaparecidas realizaron en el Congreso de Oaxaca el taller denominado \u00abAutocuidado personal y colectivo\u201d, como parte de su red de apoyo a las familias afectadas, para ayudar a cuidar de su salud.<\/p>\n\n\n\n<p>Durante el taller impartido por Mar\u00eda Isabel Cruz Bernal, fundadora de Sabuesos Guerreras Oaxaca, las y los asistentes dialogaron sobre el antes y el despu\u00e9s de la desaparici\u00f3n, as\u00ed como las afectaciones a su salud f\u00edsica y mental.<\/p>\n\n\n\n<p>Cruz Bernal, quien busca a su hijo desaparecido hace siete a\u00f1os en Sinaloa, explic\u00f3 que el objetivo de esta actividad es buscar el autocuidado personal y colectivo que han abandonado los familiares a partir de la desaparici\u00f3n de sus seres amados.<\/p>\n\n\n\n<p>De acuerdo con los colectivos participantes, los familiares de las personas desaparecidas comienzan a desarrollar diferentes enfermedades causadas por el estr\u00e9s emocional que implica la desaparici\u00f3n de su familiar. &nbsp;<\/p>\n\n\n\n<p>Entre los padecimientos desarrollados est\u00e1n enfermedades gastrointestinales, problemas de ves\u00edcula, hipertensi\u00f3n, p\u00e9rdida o ganancia de peso, insomnio, ca\u00edda de cabello, diabetes e incluso c\u00e1ncer.<\/p>\n\n\n\n<p>Ante ello, decidieron realizar este taller para brindar las herramientas necesarias que ayuden a las personas a sobrellevar esta situaci\u00f3n por medio del cuidado de la salud tanto f\u00edsica como mental.<\/p>\n\n\n\n<p>Durante este encuentro, participaron los colectivos \u201cSabuesos Guerreras Oaxaca\u201d, \u201cSabuesos Mat\u00edas Romero\u201d, \u201cSabuesos Sinaloa\u201d, y la asociaci\u00f3n llamada \u201cOaxaque\u00f1os unidos exigiendo justicia\u201d.<\/p>\n\n\n\n<p>De acuerdo con Mar\u00eda Isabel Cruz Bernal, fundadora de Sabuesos Guerreras Oaxaca, en M\u00e9xico han desaparecido 115 mil personas, de 2006 a la fecha.<\/p>\n","protected":false},"excerpt":{"rendered":"<p>Redacci\u00f3n\/Zona Roja.&nbsp; Oaxaca de Ju\u00e1rez, Oax., a 24 de mayo de 2024.- Integrantes de diversos&hellip;<\/p>\n","protected":false},"author":2,"featured_media":68670,"comment_status":"closed","ping_status":"open","sticky":false,"template":"","format":"standard","meta":{"_lmt_disableupdate":"","_lmt_disable":"","_jetpack_memberships_contains_paid_content":false,"footnotes":""},"categories":[109,46],"tags":[2743],"class_list":["post-68669","post","type-post","status-publish","format-standard","has-post-thumbnail","hentry","category-minuto-a-minuto","category-zona-blanca","tag-65-legislatura-del-estado-de-oaxaca"],"jetpack_featured_media_url":"https:\/\/zonaroja.com.mx\/wp-content\/uploads\/2024\/05\/Familiares-de-personas-desaparecidas-participan-en-taller-de-autocuidado-en-el-Congreso-de-Oaxaca_1.jpeg","jetpack_sharing_enabled":true,"_links":{"self":[{"href":"https:\/\/zonaroja.com.mx\/index.php?rest_route=\/wp\/v2\/posts\/68669","targetHints":{"allow":["GET"]}}],"collection":[{"href":"https:\/\/zonaroja.com.mx\/index.php?rest_route=\/wp\/v2\/posts"}],"about":[{"href":"https:\/\/zonaroja.com.mx\/index.php?rest_route=\/wp\/v2\/types\/post"}],"author":[{"embeddable":true,"href":"https:\/\/zonaroja.com.mx\/index.php?rest_route=\/wp\/v2\/users\/2"}],"replies":[{"embeddable":true,"href":"https:\/\/zonaroja.com.mx\/index.php?rest_route=%2Fwp%2Fv2%2Fcomments&post=68669"}],"version-history":[{"count":2,"href":"https:\/\/zonaroja.com.mx\/index.php?rest_route=\/wp\/v2\/posts\/68669\/revisions"}],"predecessor-version":[{"id":68675,"href":"https:\/\/zonaroja.com.mx\/index.php?rest_route=\/wp\/v2\/posts\/68669\/revisions\/68675"}],"wp:featuredmedia":[{"embeddable":true,"href":"https:\/\/zonaroja.com.mx\/index.php?rest_route=\/wp\/v2\/media\/68670"}],"wp:attachment":[{"href":"https:\/\/zonaroja.com.mx\/index.php?rest_route=%2Fwp%2Fv2%2Fmedia&parent=68669"}],"wp:term":[{"taxonomy":"category","embeddable":true,"href":"https:\/\/zonaroja.com.mx\/index.php?rest_route=%2Fwp%2Fv2%2Fcategories&post=68669"},{"taxonomy":"post_tag","embeddable":true,"href":"https:\/\/zonaroja.com.mx\/index.php?rest_route=%2Fwp%2Fv2%2Ftags&post=68669"}],"curies":[{"name":"wp","href":"https:\/\/api.w.org\/{rel}","templated":true}]}}