{"id":68672,"date":"2024-05-24T06:47:11","date_gmt":"2024-05-24T12:47:11","guid":{"rendered":"https:\/\/zonaroja.com.mx\/?p=68672"},"modified":"2024-05-24T06:47:13","modified_gmt":"2024-05-24T12:47:13","slug":"detiene-fiscalia-a-sujeto-acusado-de-violar-a-un-menor-con-discapacidad","status":"publish","type":"post","link":"https:\/\/zonaroja.com.mx\/?p=68672","title":{"rendered":"Detiene Fiscal\u00eda a sujeto acusado de violar a un menor con discapacidad"},"content":{"rendered":"\n<p>Redacci\u00f3n\/Zona Roja.<\/p>\n\n\n\n<p>Oaxaca de Ju\u00e1rez, Oax., 24 de mayo de 2024.- Como parte de la estrategia de combate a los delitos cometidos en contra de ni\u00f1as, ni\u00f1os, adolescentes y mujeres, la Fiscal\u00eda General del Estado de Oaxaca (FGEO) ejecut\u00f3 una orden de aprehensi\u00f3n en contra de una persona del sexo masculino identificada como A.R.V. o A.R.R.V. -profesor del Centro de Atenci\u00f3n M\u00faltiple-, por el delito de Violaci\u00f3n Equiparada Agravada, en perjuicio de un alumno, cometido en la regi\u00f3n de los Valles Centrales.<\/p>\n\n\n\n<p>De acuerdo con el expediente penal del caso, la v\u00edctima (cuya identidad est\u00e1 reservada por ley) fue agredido de manera sexual en diferentes ocasiones desde que ten\u00eda nueve a\u00f1os de edad, hechos que ocurrieron en el Centro de Atenci\u00f3n M\u00faltiple ubicado en el centro del municipio de Oaxaca de Ju\u00e1rez.&nbsp;<\/p>\n\n\n\n<p>Ante esto, la familia de la v\u00edctima realiz\u00f3 la denuncia correspondiente, por lo que la Fiscal\u00eda de Oaxaca tom\u00f3 conocimiento del caso y a trav\u00e9s de la Vicefiscal\u00eda General de Control Regional se realizaron las investigaciones que permitieron la obtenci\u00f3n de una orden de aprehensi\u00f3n contra A.R.V. o A.R.R.V.<\/p>\n\n\n\n<p>Tras dar cumplimiento el 14 de mayo de 2024 al mandato judicial, el detenido fue puesto a disposici\u00f3n de la autoridad que lo requiri\u00f3 para que se determine su situaci\u00f3n jur\u00eddica.&nbsp;<\/p>\n\n\n\n<p>La Fiscal\u00eda de Oaxaca est\u00e1 comprometida con dar celeridad a las investigaciones relacionadas con delitos cometidos en contra de ni\u00f1as, ni\u00f1os y adolescente, por ello, realiza los trabajos a trav\u00e9s de equipos multidisciplinarios que permitan fortalecer las l\u00edneas de investigaci\u00f3n y con ello brindar certeza a los procesos de procuraci\u00f3n de justicia.<\/p>\n\n\n\n<p>HALLAN A MENOR<\/p>\n\n\n\n<p>Por otra parte, el trabajo efectivo que realizan las \u00e1reas especializadas en personas no localizadas de la Fiscal\u00eda de Oaxaca, as\u00ed como la estrecha colaboraci\u00f3n interinstitucional con la Fiscal\u00eda General de Justicia del Estado de Guerrero y la Fiscal\u00eda General del Estado de M\u00e9xico, hicieron posible la localizaci\u00f3n del adolescente P. A. D. R.<\/p>\n\n\n\n<p>El 17 de mayo de 2024, el adolescente P.A.D.R. de 16 a\u00f1os de edad, fue visto por \u00faltima vez, al salir de su domicilio ubicado en la poblaci\u00f3n de Tlalixtac de Cabrera a bordo de una motocicleta.<\/p>\n\n\n\n<p>A partir de la denuncia interpuesta por familiares de la v\u00edctima ante la FGEO, se iniciaron las investigaciones al respecto a trav\u00e9s de la Vicefiscal\u00eda de Atenci\u00f3n a V\u00edctimas y a la Sociedad que, derivado de los primeros resultados estableci\u00f3 una la colaboraci\u00f3n directa con la Fiscal\u00eda General de Justicia del Estado de Guerrero y la Fiscal\u00eda General del Estado de M\u00e9xico, as\u00ed como la activaci\u00f3n de la Alerta Amber para fortalecer los trabajos ministeriales&nbsp;<\/p>\n\n\n\n<p>Derivado de las labores de inteligencia en los protocolos de b\u00fasqueda y localizaci\u00f3n de personas, la Fiscal\u00eda del Estado de M\u00e9xico report\u00f3 el 20 de mayo de 2024, la localizaci\u00f3n y resguardo del adolescente, adem\u00e1s que se iniciaron los tr\u00e1mites para su traslado de regreso a Oaxaca, para su certificaci\u00f3n y posterior restituci\u00f3n con su familia.<\/p>\n\n\n\n<p>La denuncia es parte prioritaria y fundamental dentro de los procesos de investigaci\u00f3n y b\u00fasqueda de personas no localizadas que efect\u00faa la Fiscal\u00eda General del Justicia del Estado de Oaxaca, a trav\u00e9s de las \u00e1reas especializadas.<\/p>\n","protected":false},"excerpt":{"rendered":"<p>Redacci\u00f3n\/Zona Roja. Oaxaca de Ju\u00e1rez, Oax., 24 de mayo de 2024.- Como parte de la&hellip;<\/p>\n","protected":false},"author":2,"featured_media":68673,"comment_status":"closed","ping_status":"open","sticky":false,"template":"","format":"standard","meta":{"_lmt_disableupdate":"","_lmt_disable":"","_jetpack_memberships_contains_paid_content":false,"footnotes":""},"categories":[109,46],"tags":[494],"class_list":["post-68672","post","type-post","status-publish","format-standard","has-post-thumbnail","hentry","category-minuto-a-minuto","category-zona-blanca","tag-fiscalia-general-del-estado-de-oaxaca"],"jetpack_featured_media_url":"https:\/\/zonaroja.com.mx\/wp-content\/uploads\/2024\/05\/Abuso-sexual-agresion-infantil.jpg","jetpack_sharing_enabled":true,"_links":{"self":[{"href":"https:\/\/zonaroja.com.mx\/index.php?rest_route=\/wp\/v2\/posts\/68672","targetHints":{"allow":["GET"]}}],"collection":[{"href":"https:\/\/zonaroja.com.mx\/index.php?rest_route=\/wp\/v2\/posts"}],"about":[{"href":"https:\/\/zonaroja.com.mx\/index.php?rest_route=\/wp\/v2\/types\/post"}],"author":[{"embeddable":true,"href":"https:\/\/zonaroja.com.mx\/index.php?rest_route=\/wp\/v2\/users\/2"}],"replies":[{"embeddable":true,"href":"https:\/\/zonaroja.com.mx\/index.php?rest_route=%2Fwp%2Fv2%2Fcomments&post=68672"}],"version-history":[{"count":1,"href":"https:\/\/zonaroja.com.mx\/index.php?rest_route=\/wp\/v2\/posts\/68672\/revisions"}],"predecessor-version":[{"id":68674,"href":"https:\/\/zonaroja.com.mx\/index.php?rest_route=\/wp\/v2\/posts\/68672\/revisions\/68674"}],"wp:featuredmedia":[{"embeddable":true,"href":"https:\/\/zonaroja.com.mx\/index.php?rest_route=\/wp\/v2\/media\/68673"}],"wp:attachment":[{"href":"https:\/\/zonaroja.com.mx\/index.php?rest_route=%2Fwp%2Fv2%2Fmedia&parent=68672"}],"wp:term":[{"taxonomy":"category","embeddable":true,"href":"https:\/\/zonaroja.com.mx\/index.php?rest_route=%2Fwp%2Fv2%2Fcategories&post=68672"},{"taxonomy":"post_tag","embeddable":true,"href":"https:\/\/zonaroja.com.mx\/index.php?rest_route=%2Fwp%2Fv2%2Ftags&post=68672"}],"curies":[{"name":"wp","href":"https:\/\/api.w.org\/{rel}","templated":true}]}}