{"id":68676,"date":"2024-05-24T08:30:00","date_gmt":"2024-05-24T14:30:00","guid":{"rendered":"https:\/\/zonaroja.com.mx\/?p=68676"},"modified":"2024-05-24T07:12:37","modified_gmt":"2024-05-24T13:12:37","slug":"matan-a-otro-nino-ahora-en-chihuahua-ola-criminal-en-guerrero","status":"publish","type":"post","link":"https:\/\/zonaroja.com.mx\/?p=68676","title":{"rendered":"Matan a otro ni\u00f1o, ahora en Chihuahua; ola criminal en Guerrero"},"content":{"rendered":"\n<p>Redacci\u00f3n\/Zona Roja Cdmx.<\/p>\n\n\n\n<p>Ciudad de M\u00e9xico, a 24 de mayo de 2024.- Tras el crimen de Emiliano en Tabasco, otro menor de edad fue asesinado ayer, ahora en Ciudad Ju\u00e1rez, Chihuahua.<\/p>\n\n\n\n<p>Fue en la colonia Adolfo L\u00f3pez Mateos donde fueron agredidos tres menores de edad, la madrugada de ayer.&nbsp;<\/p>\n\n\n\n<p>De acuerdo con informaci\u00f3n de medios nacionales, Emir y Kevin, de 13 a\u00f1os, y a C\u00e9sar, de 17, fueron trasladados a un hospital cercano.<\/p>\n\n\n\n<p>Por la tarde, se report\u00f3 la muerte de uno de los menores, presuntamente Emir, por lo cual la Fiscal\u00eda General de Chihuahua inici\u00f3 con las investigaciones correspondientes por este caso.<\/p>\n\n\n\n<p>EN GUERRERO<\/p>\n\n\n\n<p>Por otra parte, en el estado de Guerrero se registraron ayer al menos 16 asesinatos, en distintos hechos, incluyendo la ciudad de Acapulco.<\/p>\n\n\n\n<p>La ma\u00f1ana de este jueves aparecieron los cuerpos de seis personas sin vida en un poblado del kil\u00f3metro 30 de la carretera federal M\u00e9xico-Acapulco; cuatro de ellos estaban tirados junto a una cancha de futbol, mientras que los otros dos fueron hallados a la altura de una secundaria.&nbsp;<\/p>\n\n\n\n<p>Todos presentaban heridas provocadas por armas de fuego, seg\u00fan los reportes de medios locales.<\/p>\n\n\n\n<p>A los seis cuerpos encontrados en Acapulco se suman los de cuatro personas asesinadas en el municipio de Iguala y uno m\u00e1s en Atoyac, en la llamada Costa Grande de Guerrero, detalla informaci\u00f3n de Infobae M\u00e9xico.<\/p>\n\n\n\n<p>De acuerdo con el parte de las autoridades, tres de los cuatro j\u00f3venes asesinados en Iguala fueron encontrados en un terreno bald\u00edo, estaban boca abajo y con cinta canela que les cubr\u00eda los ojos, llevaban las manos atadas a la espalda y ten\u00edan varios impactos de bala en el cuerpo, incluido el \u2018tiro de gracia\u2019.&nbsp;<\/p>\n\n\n\n<p>La cuarta v\u00edctima de Iguala fue encontrada en la colonia Tomatal, se trataba de un joven de 21 a\u00f1os que tambi\u00e9n present\u00f3 varios impactos de bala; en tanto, la v\u00edctima Atoyac fue \u2018tirado\u2019 por sus agresores en la carretera que conecta las comunidades de Alcholoa e Ixtla y tambi\u00e9n presentaba impactos de bala en varias partes del cuerpo.<\/p>\n\n\n\n<p>Esta ma\u00f1ana tambi\u00e9n se report\u00f3 el hallazgo de un hombre desmembrado dentro de una olla de pozole que fue asegurada por elementos de la Fiscal\u00eda General de Justicia (FGJ) y puesta bajo resguardo de peritos del Servicio M\u00e9dico Forense.<\/p>\n\n\n\n<p>En tanto que la tarde de ayer se registraron al menos cinco muertos por impactos de bala, entre ellos una mujer, y un herido, en un ataque armado a una miscel\u00e1nea de venta de cerveza y m\u00e1quinas tragamonedas, en la parte trasera del mercado del Pueblito, en la calle Doctor Ignacio Ch\u00e1vez del fraccionamiento Magallanes, a 50 metros de la avenida Costera Miguel Alem\u00e1n, y a 50 metros de la iglesia de Cristo Rey.<\/p>\n\n\n\n<p>Seg\u00fan informaci\u00f3n de \u201cLa Jornada\u201d, la agresi\u00f3n fue reportada poco antes de las seis de la tarde de este jueves.<\/p>\n\n\n\n<p>Las detonaciones ocasionaron temor de transe\u00fantes y comerciantes, aunque a los escasos minutos la situaci\u00f3n pareci\u00f3 normalizarse, pues al lugar se acercaron decenas de curiosos y turistas que pasaban caminando, para atestiguar el momento de las diligencias oficiales con tel\u00e9fonos en mano.<\/p>\n\n\n\n<p>Los cuerpos de las v\u00edctimas fueron retirados por trabajadores del Servicio M\u00e9dico Forense.<\/p>\n","protected":false},"excerpt":{"rendered":"<p>Redacci\u00f3n\/Zona Roja Cdmx. Ciudad de M\u00e9xico, a 24 de mayo de 2024.- Tras el crimen&hellip;<\/p>\n","protected":false},"author":2,"featured_media":65347,"comment_status":"closed","ping_status":"open","sticky":false,"template":"","format":"standard","meta":{"_lmt_disableupdate":"","_lmt_disable":"","_jetpack_memberships_contains_paid_content":false,"footnotes":""},"categories":[109,47],"tags":[1746],"class_list":["post-68676","post","type-post","status-publish","format-standard","has-post-thumbnail","hentry","category-minuto-a-minuto","category-zona-gris","tag-violencia-en-mexico"],"jetpack_featured_media_url":"https:\/\/zonaroja.com.mx\/wp-content\/uploads\/2024\/02\/Escena-asesinato-homicidio-crimen.jpeg.webp","jetpack_sharing_enabled":true,"_links":{"self":[{"href":"https:\/\/zonaroja.com.mx\/index.php?rest_route=\/wp\/v2\/posts\/68676","targetHints":{"allow":["GET"]}}],"collection":[{"href":"https:\/\/zonaroja.com.mx\/index.php?rest_route=\/wp\/v2\/posts"}],"about":[{"href":"https:\/\/zonaroja.com.mx\/index.php?rest_route=\/wp\/v2\/types\/post"}],"author":[{"embeddable":true,"href":"https:\/\/zonaroja.com.mx\/index.php?rest_route=\/wp\/v2\/users\/2"}],"replies":[{"embeddable":true,"href":"https:\/\/zonaroja.com.mx\/index.php?rest_route=%2Fwp%2Fv2%2Fcomments&post=68676"}],"version-history":[{"count":1,"href":"https:\/\/zonaroja.com.mx\/index.php?rest_route=\/wp\/v2\/posts\/68676\/revisions"}],"predecessor-version":[{"id":68677,"href":"https:\/\/zonaroja.com.mx\/index.php?rest_route=\/wp\/v2\/posts\/68676\/revisions\/68677"}],"wp:featuredmedia":[{"embeddable":true,"href":"https:\/\/zonaroja.com.mx\/index.php?rest_route=\/wp\/v2\/media\/65347"}],"wp:attachment":[{"href":"https:\/\/zonaroja.com.mx\/index.php?rest_route=%2Fwp%2Fv2%2Fmedia&parent=68676"}],"wp:term":[{"taxonomy":"category","embeddable":true,"href":"https:\/\/zonaroja.com.mx\/index.php?rest_route=%2Fwp%2Fv2%2Fcategories&post=68676"},{"taxonomy":"post_tag","embeddable":true,"href":"https:\/\/zonaroja.com.mx\/index.php?rest_route=%2Fwp%2Fv2%2Ftags&post=68676"}],"curies":[{"name":"wp","href":"https:\/\/api.w.org\/{rel}","templated":true}]}}