{"id":6868,"date":"2019-12-22T07:57:29","date_gmt":"2019-12-22T13:57:29","guid":{"rendered":"http:\/\/www.zonaroja.com.mx\/?p=6868"},"modified":"2019-12-22T07:57:32","modified_gmt":"2019-12-22T13:57:32","slug":"asciende-a-cinco-las-personas-asesinadas-el-sabado-en-oaxaca","status":"publish","type":"post","link":"https:\/\/zonaroja.com.mx\/?p=6868","title":{"rendered":"Asciende a cinco las personas asesinadas el s\u00e1bado en Oaxaca"},"content":{"rendered":"\n<p>Redacci\u00f3n\/Zona\nRoja.<\/p>\n\n\n\n<p>Oaxaca de\nJu\u00e1rez, Oax., 22 de diciembre de 2019.- Otra persona fue asesinada ayer a\nbalazos, con lo que suman cinco v\u00edctimas registradas durante el s\u00e1bado en la\nentidad oaxaque\u00f1a.<\/p>\n\n\n\n<p>Se trata\nde Marcelino L\u00f3pez Merino, quien fue ultimado por disparos de arma de fuego\nayer alrededor de las 07:30 horas en el municipio de San Mart\u00edn Itunyoso.<\/p>\n\n\n\n<p>La\nv\u00edctima, primo del presidente municipal electo, se dirig\u00eda a la Heroica Ciudad\nde Tlaxiaco pero fue atacado a balazos en un camino de terracer\u00eda a la\ncomunidad de Cruz de Conejo.<\/p>\n\n\n\n<p>\u201cLamentamos\nprofundamente los hechos que se han venido dando en nuestro pueblo como\nconsecuencia del enojo por perder la candidatura, el ex candidato Bernadino Gonz\u00e1lez\nL\u00f3pez, su t\u00edo Emilio Mart\u00ednez L\u00f3pez, Marcelino Merino \u00c1vil,a alias el \u00abJudicial\u00bb,\ny Rodrigo Gonz\u00e1lez. <\/p>\n\n\n\n<p>\u201cEllos\nson los responsables de este crimen y de cada uno de los cr\u00edmenes que se han\nvenido dando en los \u00faltimos meses todo por su ambici\u00f3n al poder. Hacemos un\nllamado a las autoridades competentes para que investiguen a estos asesinos\u201d,\ndifundieron los pobladores a trav\u00e9s de las redes sociales.<\/p>\n\n\n\n<p>En el\ntranscurso del s\u00e1bado, fueron ultimadas por disparos de arma de fuego, dos\npersonas en San Miguel Huautepec, regi\u00f3n Ca\u00f1ada; una en Jalapa de D\u00edaz y otra\nen San Pedro Ixcatl\u00e1n, en este caso el ex presidente municipal.<\/p>\n","protected":false},"excerpt":{"rendered":"<p>Redacci\u00f3n\/Zona Roja. Oaxaca de Ju\u00e1rez, Oax., 22 de diciembre de 2019.- Otra persona fue asesinada&hellip;<\/p>\n","protected":false},"author":2,"featured_media":6869,"comment_status":"closed","ping_status":"open","sticky":false,"template":"","format":"standard","meta":{"_lmt_disableupdate":"","_lmt_disable":"","_jetpack_memberships_contains_paid_content":false,"footnotes":""},"categories":[109,51],"tags":[881],"class_list":["post-6868","post","type-post","status-publish","format-standard","has-post-thumbnail","hentry","category-minuto-a-minuto","category-zona-roja","tag-san-martin-itunyoso"],"jetpack_featured_media_url":"https:\/\/zonaroja.com.mx\/wp-content\/uploads\/2019\/12\/Asesinado-Itunyoso.jpg","jetpack_sharing_enabled":true,"_links":{"self":[{"href":"https:\/\/zonaroja.com.mx\/index.php?rest_route=\/wp\/v2\/posts\/6868","targetHints":{"allow":["GET"]}}],"collection":[{"href":"https:\/\/zonaroja.com.mx\/index.php?rest_route=\/wp\/v2\/posts"}],"about":[{"href":"https:\/\/zonaroja.com.mx\/index.php?rest_route=\/wp\/v2\/types\/post"}],"author":[{"embeddable":true,"href":"https:\/\/zonaroja.com.mx\/index.php?rest_route=\/wp\/v2\/users\/2"}],"replies":[{"embeddable":true,"href":"https:\/\/zonaroja.com.mx\/index.php?rest_route=%2Fwp%2Fv2%2Fcomments&post=6868"}],"version-history":[{"count":1,"href":"https:\/\/zonaroja.com.mx\/index.php?rest_route=\/wp\/v2\/posts\/6868\/revisions"}],"predecessor-version":[{"id":6870,"href":"https:\/\/zonaroja.com.mx\/index.php?rest_route=\/wp\/v2\/posts\/6868\/revisions\/6870"}],"wp:featuredmedia":[{"embeddable":true,"href":"https:\/\/zonaroja.com.mx\/index.php?rest_route=\/wp\/v2\/media\/6869"}],"wp:attachment":[{"href":"https:\/\/zonaroja.com.mx\/index.php?rest_route=%2Fwp%2Fv2%2Fmedia&parent=6868"}],"wp:term":[{"taxonomy":"category","embeddable":true,"href":"https:\/\/zonaroja.com.mx\/index.php?rest_route=%2Fwp%2Fv2%2Fcategories&post=6868"},{"taxonomy":"post_tag","embeddable":true,"href":"https:\/\/zonaroja.com.mx\/index.php?rest_route=%2Fwp%2Fv2%2Ftags&post=6868"}],"curies":[{"name":"wp","href":"https:\/\/api.w.org\/{rel}","templated":true}]}}