{"id":68680,"date":"2024-05-24T09:27:00","date_gmt":"2024-05-24T15:27:00","guid":{"rendered":"https:\/\/zonaroja.com.mx\/?p=68680"},"modified":"2024-05-24T08:00:59","modified_gmt":"2024-05-24T14:00:59","slug":"preve-ayuntamiento-alcanzar-acuerdos-con-el-sindicato-3-de-marzo","status":"publish","type":"post","link":"https:\/\/zonaroja.com.mx\/?p=68680","title":{"rendered":"Prev\u00e9 ayuntamiento alcanzar acuerdos con el Sindicato \u201c3 de Marzo\u201d"},"content":{"rendered":"\n<p>Raymundo Morales\/Zona Roja.<\/p>\n\n\n\n<p>Oaxaca de Ju\u00e1rez, Oax., a 24 de mayo de 2024.- El ayuntamiento de Oaxaca de Ju\u00e1rez prev\u00e9 alcanzar un acuerdo en beneficio de ambas partes con el Sindicato \u201c3 de Marzo\u201d, pese a las restricciones presupuestales.<\/p>\n\n\n\n<p>As\u00ed lo asegur\u00f3 la encargada de Despacho del gobierno municipal, Judith Carre\u00f1o Hern\u00e1ndez, quien indic\u00f3 que tras la marcha del pasado del gremio el pasado martes, se instal\u00f3 una mesa de di\u00e1logo con la dirigencia y se analizan todas las demandas.<\/p>\n\n\n\n<p>\u201cEstamos revisando con ellos un aumento salarial; est\u00e1 en estudio, hemos estado en pl\u00e1ticas constantes y continuamos, todav\u00eda no se ha determinado nada\u201d, inform\u00f3 en entrevista colectiva al t\u00e9rmino de la sesi\u00f3n de Cabildo.<\/p>\n\n\n\n<p>Indic\u00f3 que los trabajadores, principalmente del \u00e1rea de limpia, piden un aumento salarial del 100 por ciento, pero el ayuntamiento s\u00f3lo prev\u00e9 un monto similar al que se ha otorgado en todo el pa\u00eds.<\/p>\n\n\n\n<p>-\u00bfS\u00ed tiene el municipio el dinero para el aumento que piden?<\/p>\n\n\n\n<p>-Precisamente es el an\u00e1lisis que se est\u00e1 realizando, primero tenemos que dialogar con ellos, llegar a un acuerdo y al mismo tiempo revisar nuestras finanzas municipales.<\/p>\n\n\n\n<p>-\u00bfCree que haya posibilidad presupuestal de darle respuesta a las demandas?<\/p>\n\n\n\n<p>-Pues nosotros tenemos las finanzas complicadas; los gastos por los residuos s\u00f3lidos han sido constantes; tenemos que revisar muy bien para darles el aumento, sin comprometer m\u00e1s.<\/p>\n\n\n\n<p>Carre\u00f1o Hern\u00e1ndez, quien suple la licencia de Francisco Mart\u00ednez Neri, acept\u00f3 tambi\u00e9n que hay un n\u00famero de trabajadores de ese gremio que no cobra ni siquiera el salario m\u00ednimo, lo cual se revisa.<\/p>\n\n\n\n<p>Respecto a la problem\u00e1tica magisterial en el Centro Hist\u00f3rico, indic\u00f3 que se hab\u00eda logrado un acuerdo en cuanto a la recolecci\u00f3n de basura; sin embargo no se ha podido cumplir con la recolecci\u00f3n, lo cual ha generado complicaciones.<\/p>\n\n\n\n<p>Asimismo, pidi\u00f3 a la Secci\u00f3n 22 del SNTE que se encuentra en \u201cplant\u00f3n\u201d desde hace dos semanas en el centro, que realice la separaci\u00f3n de desechos.<\/p>\n\n\n\n<p>De la misma manera acept\u00f3 que al menos cinco luminarias han sido da\u00f1adas durante la manifestaci\u00f3n de los profesores.<\/p>\n\n\n\n<p>Respecto al ambulante, la encargada de Despacho del ayuntamiento expuso que por ahora se ha respetado la protesta del magisterio y de las organizaciones sociales y \u00fanicamente se inspecciona zonas alejadas del \u00e1rea de \u201cplant\u00f3n\u201d.<\/p>\n\n\n\n<figure class=\"wp-block-embed is-type-rich is-provider-twitter wp-block-embed-twitter\"><div class=\"wp-block-embed__wrapper\">\n<div class=\"twitter-tweet\"><blockquote class=\"twitter-tweet\" data-lang=\"es\"><p lang=\"es\" dir=\"ltr\">Tras la sesi\u00f3n de Cabildo, la encargada de Despacho del <a href=\"https:\/\/twitter.com\/MunicipioOaxaca?ref_src=twsrc%5Etfw\">@MunicipioOaxaca<\/a>, Judith Carre\u00f1o Hern\u00e1ndez, inform\u00f3 en entrevista que se atienden las demandas del Sindicato \u201c3 de Marzo\u201d y se espera alcanzar un acuerdo favorable para las partes en la demanda de revisi\u00f3n salarial.<br>Habl\u00f3\u2026 <a href=\"https:\/\/t.co\/9FJjGYf3m4\">pic.twitter.com\/9FJjGYf3m4<\/a><\/p>&mdash; Zona Roja Oaxaca (@ZonaRoja_Oaxaca) <a href=\"https:\/\/twitter.com\/ZonaRoja_Oaxaca\/status\/1793830890113749173?ref_src=twsrc%5Etfw\">24 de mayo de 2024<\/a><\/blockquote><\/div>\n<\/div><\/figure>\n","protected":false},"excerpt":{"rendered":"<p>Raymundo Morales\/Zona Roja. Oaxaca de Ju\u00e1rez, Oax., a 24 de mayo de 2024.- El ayuntamiento&hellip;<\/p>\n","protected":false},"author":2,"featured_media":68681,"comment_status":"closed","ping_status":"open","sticky":false,"template":"","format":"standard","meta":{"_lmt_disableupdate":"","_lmt_disable":"","_jetpack_memberships_contains_paid_content":false,"footnotes":""},"categories":[109,46],"tags":[3949],"class_list":["post-68680","post","type-post","status-publish","format-standard","has-post-thumbnail","hentry","category-minuto-a-minuto","category-zona-blanca","tag-judith-carreno-hernandez"],"jetpack_featured_media_url":"https:\/\/zonaroja.com.mx\/wp-content\/uploads\/2024\/05\/Judith-Carreno-Hernandez-1.jpg","jetpack_sharing_enabled":true,"_links":{"self":[{"href":"https:\/\/zonaroja.com.mx\/index.php?rest_route=\/wp\/v2\/posts\/68680","targetHints":{"allow":["GET"]}}],"collection":[{"href":"https:\/\/zonaroja.com.mx\/index.php?rest_route=\/wp\/v2\/posts"}],"about":[{"href":"https:\/\/zonaroja.com.mx\/index.php?rest_route=\/wp\/v2\/types\/post"}],"author":[{"embeddable":true,"href":"https:\/\/zonaroja.com.mx\/index.php?rest_route=\/wp\/v2\/users\/2"}],"replies":[{"embeddable":true,"href":"https:\/\/zonaroja.com.mx\/index.php?rest_route=%2Fwp%2Fv2%2Fcomments&post=68680"}],"version-history":[{"count":1,"href":"https:\/\/zonaroja.com.mx\/index.php?rest_route=\/wp\/v2\/posts\/68680\/revisions"}],"predecessor-version":[{"id":68682,"href":"https:\/\/zonaroja.com.mx\/index.php?rest_route=\/wp\/v2\/posts\/68680\/revisions\/68682"}],"wp:featuredmedia":[{"embeddable":true,"href":"https:\/\/zonaroja.com.mx\/index.php?rest_route=\/wp\/v2\/media\/68681"}],"wp:attachment":[{"href":"https:\/\/zonaroja.com.mx\/index.php?rest_route=%2Fwp%2Fv2%2Fmedia&parent=68680"}],"wp:term":[{"taxonomy":"category","embeddable":true,"href":"https:\/\/zonaroja.com.mx\/index.php?rest_route=%2Fwp%2Fv2%2Fcategories&post=68680"},{"taxonomy":"post_tag","embeddable":true,"href":"https:\/\/zonaroja.com.mx\/index.php?rest_route=%2Fwp%2Fv2%2Ftags&post=68680"}],"curies":[{"name":"wp","href":"https:\/\/api.w.org\/{rel}","templated":true}]}}