{"id":68689,"date":"2024-05-24T12:23:00","date_gmt":"2024-05-24T18:23:00","guid":{"rendered":"https:\/\/zonaroja.com.mx\/?p=68689"},"modified":"2024-05-24T08:38:06","modified_gmt":"2024-05-24T14:38:06","slug":"registra-oaxaca-seis-feminicidios-en-cuatro-meses-ong-dice-que-van-35","status":"publish","type":"post","link":"https:\/\/zonaroja.com.mx\/?p=68689","title":{"rendered":"Registra Oaxaca seis feminicidios en cuatro meses; ONG dice que van 35"},"content":{"rendered":"\n<p>Ismael Garc\u00eda M.\/Zona Roja.<\/p>\n\n\n\n<p>Oaxaca de Ju\u00e1rez, Oax., a 24 de mayo de 2024.- El organismo civil GES Mujer contabiliza 35 mujeres asesinadas al 17 de mayo; sin embargo, el Secretariado Ejecutivo del Sistema Nacional de Seguridad P\u00fablica publica que tiene seis feminicidios en cuatro meses de este a\u00f1o.<\/p>\n\n\n\n<p>El organismo federal, con base en informaci\u00f3n que le env\u00eda la Fiscal\u00eda General del Estado de Oaxaca, tiene en sus registros la muerte violenta de una mujer por raz\u00f3n de g\u00e9nero con dos casos en enero, uno en febrero, uno en marzo y dos en abril.<\/p>\n\n\n\n<p>De ellos, uno fue perpetrado con arma de fuego y otro con arma blanca; de los otros cuatro casos precisa que fue con otro elemento.<\/p>\n\n\n\n<p>No obstante, la asociaci\u00f3n civil Grupo de Estudios de la Mujer \u201cRosario Castellanos\u201d tiene contabilizados 35 asesinatos de mujeres, al que se suman dos casos m\u00e1s ocurridos durante el mes de mayo.&nbsp;<\/p>\n\n\n\n<p>Del 1 de diciembre de 2022 al 17 de mayo de este a\u00f1o, tiene contabilizados, con base en una revisi\u00f3n hemerogr\u00e1fica, 144 casos de mujeres asesinadas.<\/p>\n\n\n\n<p>Tan s\u00f3lo en este mes de mayo han ocurrido siete cr\u00edmenes en contra de las mujeres, el m\u00e1s reciente de ellos el pasado mi\u00e9rcoles 22, en que ultimaron a balazos a una anciana en Huajuapan de Le\u00f3n.<\/p>\n\n\n\n<p>El lunes 20 de mayo fue acribillada una mujer con su hijo, en el municipio de Pinotepa Nacional; los otros casos de este mes han ocurrido en San Luis Amatl\u00e1n, Juchit\u00e1n de Zaragoza, Asunci\u00f3n Ixtaltepec, Cuil\u00e1pam de Guerrero y Santa Mar\u00eda Atzompa, a un costado de la carretera a la zona arqueol\u00f3gica de Monte Alb\u00e1n.<\/p>\n","protected":false},"excerpt":{"rendered":"<p>Ismael Garc\u00eda M.\/Zona Roja. Oaxaca de Ju\u00e1rez, Oax., a 24 de mayo de 2024.- El&hellip;<\/p>\n","protected":false},"author":2,"featured_media":68569,"comment_status":"closed","ping_status":"open","sticky":false,"template":"","format":"standard","meta":{"_lmt_disableupdate":"","_lmt_disable":"","_jetpack_memberships_contains_paid_content":false,"footnotes":""},"categories":[109,47],"tags":[610],"class_list":["post-68689","post","type-post","status-publish","format-standard","has-post-thumbnail","hentry","category-minuto-a-minuto","category-zona-gris","tag-feminicidios-oaxaca"],"jetpack_featured_media_url":"https:\/\/zonaroja.com.mx\/wp-content\/uploads\/2024\/05\/Feminicidios-2.jpg.webp","jetpack_sharing_enabled":true,"_links":{"self":[{"href":"https:\/\/zonaroja.com.mx\/index.php?rest_route=\/wp\/v2\/posts\/68689","targetHints":{"allow":["GET"]}}],"collection":[{"href":"https:\/\/zonaroja.com.mx\/index.php?rest_route=\/wp\/v2\/posts"}],"about":[{"href":"https:\/\/zonaroja.com.mx\/index.php?rest_route=\/wp\/v2\/types\/post"}],"author":[{"embeddable":true,"href":"https:\/\/zonaroja.com.mx\/index.php?rest_route=\/wp\/v2\/users\/2"}],"replies":[{"embeddable":true,"href":"https:\/\/zonaroja.com.mx\/index.php?rest_route=%2Fwp%2Fv2%2Fcomments&post=68689"}],"version-history":[{"count":1,"href":"https:\/\/zonaroja.com.mx\/index.php?rest_route=\/wp\/v2\/posts\/68689\/revisions"}],"predecessor-version":[{"id":68690,"href":"https:\/\/zonaroja.com.mx\/index.php?rest_route=\/wp\/v2\/posts\/68689\/revisions\/68690"}],"wp:featuredmedia":[{"embeddable":true,"href":"https:\/\/zonaroja.com.mx\/index.php?rest_route=\/wp\/v2\/media\/68569"}],"wp:attachment":[{"href":"https:\/\/zonaroja.com.mx\/index.php?rest_route=%2Fwp%2Fv2%2Fmedia&parent=68689"}],"wp:term":[{"taxonomy":"category","embeddable":true,"href":"https:\/\/zonaroja.com.mx\/index.php?rest_route=%2Fwp%2Fv2%2Fcategories&post=68689"},{"taxonomy":"post_tag","embeddable":true,"href":"https:\/\/zonaroja.com.mx\/index.php?rest_route=%2Fwp%2Fv2%2Ftags&post=68689"}],"curies":[{"name":"wp","href":"https:\/\/api.w.org\/{rel}","templated":true}]}}