{"id":68691,"date":"2024-05-24T16:17:37","date_gmt":"2024-05-24T22:17:37","guid":{"rendered":"https:\/\/zonaroja.com.mx\/?p=68691"},"modified":"2024-05-24T16:17:39","modified_gmt":"2024-05-24T22:17:39","slug":"los-problemas-de-neri-en-oaxaca","status":"publish","type":"post","link":"https:\/\/zonaroja.com.mx\/?p=68691","title":{"rendered":"Los problemas de Neri en Oaxaca"},"content":{"rendered":"\n<p>Redacci\u00f3n\/Zona Roja Cdmx.<\/p>\n\n\n\n<p>Ciudad de M\u00e9xico, a 24 de mayo de 2024.- A d\u00edas de la elecci\u00f3n m\u00e1s importante de nuestra historia, en Morena existe preocupaci\u00f3n porque su candidato al Ayuntamiento de Oaxaca, Francisco Mart\u00ednez Neri, no vive su mejor momento en el \u00e1nimo del electorado de la capital, lo que ha puesto en jaque su reelecci\u00f3n en ese cargo.<\/p>\n\n\n\n<p>Neri se ha visto envuelto en esc\u00e1ndalos judiciales por presunta corrupci\u00f3n, y se\u00f1alamientos de que durante su reciente gesti\u00f3n como alcalde fue incapaz de resolver temas cruciales como el de la falta de agua, la inseguridad y la crisis por el mal manejo de la basura.<\/p>\n\n\n\n<p>En el propio cuarto de guerra del hoy abanderado morenista hay incertidumbre sobre el resultado electoral del 2 de junio por el pasado pol\u00edtico de Neri -que primero fue perredista, luego se asumi\u00f3 como externo y ahora es morenista- pues esto podr\u00eda favorecer al PVEM que hoy agrupa a muchos liderazgos identificados con la 4T.<\/p>\n\n\n\n<p>SE\u00d1ALAMIENTOS DE CORRUPCI\u00d3N<\/p>\n\n\n\n<p>Fueron tres de sus propios ex colaboradores en el Ayuntamiento quienes se\u00f1alaron a Neri ante las autoridades judiciales como el autor intelectual de la venta ilegal de los autos, motocicletas y autos chatarra que estaban resguardados en el encierro municipal \u201cPrimavera\u201d, y que habr\u00eda generado ganancias por aproximadamente 30 millones de pesos, cuyo paradero se desconoce.<\/p>\n\n\n\n<p>Luis Gerardo Pech Ku y Jos\u00e9 Luis Arana Rodr\u00edguez, quienes enfrentan un proceso judicial en libertad por el robo y\/o venta ilegal de los citados veh\u00edculos chatarra, fueron quienes apuntaron hacia Neri y al secretario de Gobierno, Felipe Edgardo Canseco Ruiz, como las personas que ordenaron dichas acciones.<\/p>\n\n\n\n<p>Cecilia Jaller -tambi\u00e9n cercana al entonces edil en funciones y quien qued\u00f3 libre en dicho proceso al no haberse encontrada responsable en los hechos- declar\u00f3 tambi\u00e9n que Neri fue quien orden\u00f3 a Canseco Ruiz darle seguimiento a la venta de los autos chatarra porque quer\u00eda liberar ese espacio y ahorrase la renta mensual del encierro municipal, que asciende a 30 mil pesos.<\/p>\n\n\n\n<p>Hasta ahora se sabe que de La Primavera fueron sustra\u00eddos o vendidos de forma ilegal 426 coches, 350 motos, 34 bicicletas y otros desperdicios chatarra.<\/p>\n\n\n\n<p>La crisis de la basura<\/p>\n\n\n\n<p>Al ambiente pol\u00edtico-electoral en la capital oaxaque\u00f1a se suma la crisis por la recolecci\u00f3n de basura y sus zonas aleda\u00f1as, pues durante la reciente gesti\u00f3n de Neri en el Ayuntamiento no se soluci\u00f3n el problema. Al contrario, lo responsabilizan de aumentar la deuda de la ciudad y distraer recursos para sectores prioritarios como salud y seguridad, para pagar el env\u00edo de contenedores con los residuos s\u00f3lidos de la capital, hacia otros estados como Veracruz y Puebla.<\/p>\n\n\n\n<p>Tan solo hasta octubre pasado, el presupuesto destinado para esos traslados ascend\u00eda a 405 millones de pesos.<\/p>\n\n\n\n<p>La especialista en Econom\u00eda, Dra. Ana Luz Ramos, ha afirmado que los env\u00edos de basura generan para el Ayuntamiento un endeudamiento diario, y que esos recursos se sacrifican en rubros como salud, educaci\u00f3n e infraestructura. \u201cEl impacto de la deuda no se ver\u00e1 ahora, sino a corto plazo. Para la pr\u00f3xima administraci\u00f3n se ver\u00e1 si llegan o no m\u00e1s recursos federales, pero todo ser\u00e1 para pagar deuda\u201d, asegur\u00f3.<\/p>\n\n\n\n<p>Para el reconocido activista Rosendo Ram\u00edrez S\u00e1nchez, la falta de inter\u00e9s en la gesti\u00f3n de Neri para darle una soluci\u00f3n a ese problema va m\u00e1s all\u00e1 de la falta de recursos, ideas o proyectos. \u201cPensamos que dentro del municipio hay intereses de generar el caos -de basura- para privatizar el manejo de los residuos s\u00f3lidos\u201d, estableci\u00f3.<\/p>\n\n\n\n<p>A la fecha, en la ciudad de Oaxaca que ya vivi\u00f3 la gesti\u00f3n del hoy morenista Neri, no existe un plan de acci\u00f3n para solucionar la crisis de manejo de residuos s\u00f3lidos, y entre la poblaci\u00f3n permanecen latentes los brotes de infecci\u00f3n.<\/p>\n\n\n\n<p>LA OTRA CRISIS, DEL AGUA<\/p>\n\n\n\n<p>Respecto a la crisis por la falta de agua, durante un recorrido por distintas colonias de la capital oaxaque\u00f1a se conoci\u00f3 que hay zonas en donde, si bien les va, el agua potable les llega en un lapso de entre 30 y 45 d\u00edas, y en otras duran hasta tres meses sin el vital l\u00edquido.<\/p>\n\n\n\n<p>Esa situaci\u00f3n deton\u00f3 que en la reciente gesti\u00f3n de Neri en el Ayuntamiento, las personas y negocios tuvieran que recurrir a la compra de agua en pipas, cuyo costo se dispar\u00f3 hasta los mil 800 pesos para las pipas con capacidad de 10 mil litros.<\/p>\n\n\n\n<p>Esta realidad se acent\u00faa debido a la falta de mantenimiento y atenci\u00f3n municipal a las denuncias ciudadanas de m\u00faltiples fugas de agua en la red municipal de abasto de la capital oaxaque\u00f1a.<\/p>\n\n\n\n<p>Es en medio de ese clima pol\u00edtico, jur\u00eddico y social en que el ex perredista y hoy morenista Neri, junto con su equipo de campa\u00f1a, enfrentan la recta final del proceso electorado en la ciudad de Oaxaca, que culminar\u00e1 con la cita en las urnas el pr\u00f3ximo domingo 2 de junio.<\/p>\n\n\n\n<p>(Informaci\u00f3n de \u201cEl Heraldo de M\u00e9xico\u201d)<\/p>\n\n\n\n<figure class=\"wp-block-embed\"><div class=\"wp-block-embed__wrapper\">\nhttps:\/\/heraldodemexico.com.mx\/elecciones\/2024\/5\/24\/los-problemas-de-neri-en-oaxaca-606184.html\n<\/div><\/figure>\n","protected":false},"excerpt":{"rendered":"<p>Redacci\u00f3n\/Zona Roja Cdmx. Ciudad de M\u00e9xico, a 24 de mayo de 2024.- A d\u00edas de&hellip;<\/p>\n","protected":false},"author":2,"featured_media":68245,"comment_status":"closed","ping_status":"open","sticky":false,"template":"","format":"standard","meta":{"_lmt_disableupdate":"","_lmt_disable":"","_jetpack_memberships_contains_paid_content":false,"footnotes":""},"categories":[109,47],"tags":[2418],"class_list":["post-68691","post","type-post","status-publish","format-standard","has-post-thumbnail","hentry","category-minuto-a-minuto","category-zona-gris","tag-francisco-martinez-neri"],"jetpack_featured_media_url":"https:\/\/zonaroja.com.mx\/wp-content\/uploads\/2024\/05\/Francisco-Martinez-Neri-1.jpeg","jetpack_sharing_enabled":true,"_links":{"self":[{"href":"https:\/\/zonaroja.com.mx\/index.php?rest_route=\/wp\/v2\/posts\/68691","targetHints":{"allow":["GET"]}}],"collection":[{"href":"https:\/\/zonaroja.com.mx\/index.php?rest_route=\/wp\/v2\/posts"}],"about":[{"href":"https:\/\/zonaroja.com.mx\/index.php?rest_route=\/wp\/v2\/types\/post"}],"author":[{"embeddable":true,"href":"https:\/\/zonaroja.com.mx\/index.php?rest_route=\/wp\/v2\/users\/2"}],"replies":[{"embeddable":true,"href":"https:\/\/zonaroja.com.mx\/index.php?rest_route=%2Fwp%2Fv2%2Fcomments&post=68691"}],"version-history":[{"count":1,"href":"https:\/\/zonaroja.com.mx\/index.php?rest_route=\/wp\/v2\/posts\/68691\/revisions"}],"predecessor-version":[{"id":68692,"href":"https:\/\/zonaroja.com.mx\/index.php?rest_route=\/wp\/v2\/posts\/68691\/revisions\/68692"}],"wp:featuredmedia":[{"embeddable":true,"href":"https:\/\/zonaroja.com.mx\/index.php?rest_route=\/wp\/v2\/media\/68245"}],"wp:attachment":[{"href":"https:\/\/zonaroja.com.mx\/index.php?rest_route=%2Fwp%2Fv2%2Fmedia&parent=68691"}],"wp:term":[{"taxonomy":"category","embeddable":true,"href":"https:\/\/zonaroja.com.mx\/index.php?rest_route=%2Fwp%2Fv2%2Fcategories&post=68691"},{"taxonomy":"post_tag","embeddable":true,"href":"https:\/\/zonaroja.com.mx\/index.php?rest_route=%2Fwp%2Fv2%2Ftags&post=68691"}],"curies":[{"name":"wp","href":"https:\/\/api.w.org\/{rel}","templated":true}]}}