{"id":68694,"date":"2024-05-24T19:55:42","date_gmt":"2024-05-25T01:55:42","guid":{"rendered":"https:\/\/zonaroja.com.mx\/?p=68694"},"modified":"2024-05-24T19:55:44","modified_gmt":"2024-05-25T01:55:44","slug":"asesinan-a-empresario-en-miahuatlan-y-a-un-individuo-en-juchitan","status":"publish","type":"post","link":"https:\/\/zonaroja.com.mx\/?p=68694","title":{"rendered":"Asesinan a empresario en Miahuatl\u00e1n y a un individuo en Juchit\u00e1n"},"content":{"rendered":"\n<p>Raymundo Morales\/Zona Roja.<\/p>\n\n\n\n<p>Oaxaca de Ju\u00e1rez, Oax., a 24 de agosto de 2024.- Dos personas fueron asesinadas este viernes, en hechos distintos, en el estado de Oaxaca.<\/p>\n\n\n\n<p>La tarde de hoy en Miahuatl\u00e1n de Porfirio D\u00edaz fue ultimado a balazos el empresario mezcalero Rom\u00e1n G. R., uno de los impulsores de la denominaci\u00f3n del mezcal.<\/p>\n\n\n\n<p>A bordo de su unidad de motor se dirig\u00eda a la cabecera municipal, cuando fue acribillado en la carretera a la localidad de Sitio de Xitlapehua; hasta el momento no hay personas detenidas por este crimen.<\/p>\n\n\n\n<p>Horas antes en Juchit\u00e1n de Zaragoza fue abatido por disparos de arma de fuego otro individuo.&nbsp;<\/p>\n\n\n\n<p>El crimen se perpetr\u00f3 en la Novena Secci\u00f3n, conocida tambi\u00e9n como Cheguigo, donde perdi\u00f3 la vida al instante la persona identificada como Aurelio G. M.<\/p>\n\n\n\n<p>En este caso tampoco se reportan detenciones por parte de las autoridades municipales.<\/p>\n","protected":false},"excerpt":{"rendered":"<p>Raymundo Morales\/Zona Roja. Oaxaca de Ju\u00e1rez, Oax., a 24 de agosto de 2024.- Dos personas&hellip;<\/p>\n","protected":false},"author":2,"featured_media":68695,"comment_status":"closed","ping_status":"open","sticky":false,"template":"","format":"standard","meta":{"_lmt_disableupdate":"","_lmt_disable":"","_jetpack_memberships_contains_paid_content":false,"footnotes":""},"categories":[109,51],"tags":[3149],"class_list":["post-68694","post","type-post","status-publish","format-standard","has-post-thumbnail","hentry","category-minuto-a-minuto","category-zona-roja","tag-miahutlan-de-porfirio-diaz"],"jetpack_featured_media_url":"https:\/\/zonaroja.com.mx\/wp-content\/uploads\/2024\/05\/Asesinado-en-Juchitan.jpeg","jetpack_sharing_enabled":true,"_links":{"self":[{"href":"https:\/\/zonaroja.com.mx\/index.php?rest_route=\/wp\/v2\/posts\/68694","targetHints":{"allow":["GET"]}}],"collection":[{"href":"https:\/\/zonaroja.com.mx\/index.php?rest_route=\/wp\/v2\/posts"}],"about":[{"href":"https:\/\/zonaroja.com.mx\/index.php?rest_route=\/wp\/v2\/types\/post"}],"author":[{"embeddable":true,"href":"https:\/\/zonaroja.com.mx\/index.php?rest_route=\/wp\/v2\/users\/2"}],"replies":[{"embeddable":true,"href":"https:\/\/zonaroja.com.mx\/index.php?rest_route=%2Fwp%2Fv2%2Fcomments&post=68694"}],"version-history":[{"count":1,"href":"https:\/\/zonaroja.com.mx\/index.php?rest_route=\/wp\/v2\/posts\/68694\/revisions"}],"predecessor-version":[{"id":68696,"href":"https:\/\/zonaroja.com.mx\/index.php?rest_route=\/wp\/v2\/posts\/68694\/revisions\/68696"}],"wp:featuredmedia":[{"embeddable":true,"href":"https:\/\/zonaroja.com.mx\/index.php?rest_route=\/wp\/v2\/media\/68695"}],"wp:attachment":[{"href":"https:\/\/zonaroja.com.mx\/index.php?rest_route=%2Fwp%2Fv2%2Fmedia&parent=68694"}],"wp:term":[{"taxonomy":"category","embeddable":true,"href":"https:\/\/zonaroja.com.mx\/index.php?rest_route=%2Fwp%2Fv2%2Fcategories&post=68694"},{"taxonomy":"post_tag","embeddable":true,"href":"https:\/\/zonaroja.com.mx\/index.php?rest_route=%2Fwp%2Fv2%2Ftags&post=68694"}],"curies":[{"name":"wp","href":"https:\/\/api.w.org\/{rel}","templated":true}]}}