{"id":68697,"date":"2024-05-24T21:00:40","date_gmt":"2024-05-25T03:00:40","guid":{"rendered":"https:\/\/zonaroja.com.mx\/?p=68697"},"modified":"2024-05-24T21:00:41","modified_gmt":"2024-05-25T03:00:41","slug":"tribunal-electoral-federal-regresa-candidatura-a-daniel-mendez-en-salina-cruz","status":"publish","type":"post","link":"https:\/\/zonaroja.com.mx\/?p=68697","title":{"rendered":"Tribunal Electoral federal regresa candidatura a Daniel M\u00e9ndez en Salina Cruz"},"content":{"rendered":"\n<p>Redacci\u00f3n\/Zona Roja Cdmx.<\/p>\n\n\n\n<p>Ciudad de M\u00e9xico, a 24 de mayo de 2024.- En sesi\u00f3n p\u00fablica de resoluci\u00f3n, la Sala Regional Xalapa del Tribunal Electoral del Poder Judicial de la Federaci\u00f3n (TEPJF) revoc\u00f3&nbsp;la sentencia del Tribunal Electoral del Estado de Oaxaca (TEEO) emitida en el recurso de apelaci\u00f3n local RA\/42\/2024 que, a su vez, revoc\u00f3 el acuerdo IEEPCO-CG-79\/2024 del Consejo General del Instituto Estatal Electoral y de Participaci\u00f3n Ciudadana de la citada entidad federativa (IEEPCO), \u00fanicamente, respecto al registro otorgado al ciudadano actor como candidato a primer concejal de Salina Cruz,&nbsp;postulado por la v\u00eda de la reelecci\u00f3n por el Partido del Trabajo (Daniel M\u00e9ndez Sosa), al considerar que era inelegible por no cumplir con el requisito de renunciar a la militancia de MORENA antes de la mitad de su mandato como concejal.<\/p>\n\n\n\n<p>El pleno de la Sala Regional determin\u00f3 que, le asist\u00eda la raz\u00f3n al promovente respecto a que el TEEO err\u00f3neamente revoc\u00f3 su registro, como candidato al realizar una indebida aplicaci\u00f3n de las reglas sobre la elecci\u00f3n consecutiva.&nbsp;<\/p>\n\n\n\n<p>La Sala consider\u00f3 que dicho Tribunal local desvirtu\u00f3 la informaci\u00f3n contenida en el&nbsp;Comprobante de B\u00fasqueda con Validez Oficial (CBVO), previsto en los Lineamientos para la verificaci\u00f3n de los padrones de personas afiliadas a los partidos pol\u00edticos nacionales y locales del INE, bas\u00e1ndose s\u00f3lo en la documentaci\u00f3n remitida por el Presidente del Comit\u00e9 Ejecutivo Estatal de Morena.&nbsp;<\/p>\n\n\n\n<p>Sin embargo, tal informaci\u00f3n no era la id\u00f3nea para corroborar la veracidad de los datos contenidos en el CBVO, pues para ello era necesario el formato de afiliaci\u00f3n previsto en la normativa interna Morena.<\/p>\n\n\n\n<p>Entonces, al no quedar acreditado de manera fehaciente que el actor, efectivamente, fuera militante de Morena y que hubiera sido postulado con tal car\u00e1cter en el Proceso Electoral local 2020-2021,&nbsp;no era posible exigir que acreditara una desvinculaci\u00f3n con dicho partido pol\u00edtico sin ser militante de \u00e9ste.<\/p>\n\n\n\n<p>Por tanto,&nbsp;la Sala confirm\u00f3 el registro del candidato propietario al cargo de primer concejal del ayuntamiento en menci\u00f3n.&nbsp;<\/p>\n\n\n\n<p>En la sesi\u00f3n p\u00fablica celebrada este 23 de mayo, se resolvieron 14 medios de impugnaci\u00f3n; ocho juicios ciudadanos, tres juicios electorales y tres juicios de revisi\u00f3n constitucional electoral.<\/p>\n","protected":false},"excerpt":{"rendered":"<p>Redacci\u00f3n\/Zona Roja Cdmx. Ciudad de M\u00e9xico, a 24 de mayo de 2024.- En sesi\u00f3n p\u00fablica&hellip;<\/p>\n","protected":false},"author":2,"featured_media":68698,"comment_status":"closed","ping_status":"open","sticky":false,"template":"","format":"standard","meta":{"_lmt_disableupdate":"","_lmt_disable":"","_jetpack_memberships_contains_paid_content":false,"footnotes":""},"categories":[109,46],"tags":[2738],"class_list":["post-68697","post","type-post","status-publish","format-standard","has-post-thumbnail","hentry","category-minuto-a-minuto","category-zona-blanca","tag-daniel-mendez-sosa"],"jetpack_featured_media_url":"https:\/\/zonaroja.com.mx\/wp-content\/uploads\/2024\/05\/Daniel-Mendez-Sosa.jpg","jetpack_sharing_enabled":true,"_links":{"self":[{"href":"https:\/\/zonaroja.com.mx\/index.php?rest_route=\/wp\/v2\/posts\/68697","targetHints":{"allow":["GET"]}}],"collection":[{"href":"https:\/\/zonaroja.com.mx\/index.php?rest_route=\/wp\/v2\/posts"}],"about":[{"href":"https:\/\/zonaroja.com.mx\/index.php?rest_route=\/wp\/v2\/types\/post"}],"author":[{"embeddable":true,"href":"https:\/\/zonaroja.com.mx\/index.php?rest_route=\/wp\/v2\/users\/2"}],"replies":[{"embeddable":true,"href":"https:\/\/zonaroja.com.mx\/index.php?rest_route=%2Fwp%2Fv2%2Fcomments&post=68697"}],"version-history":[{"count":1,"href":"https:\/\/zonaroja.com.mx\/index.php?rest_route=\/wp\/v2\/posts\/68697\/revisions"}],"predecessor-version":[{"id":68699,"href":"https:\/\/zonaroja.com.mx\/index.php?rest_route=\/wp\/v2\/posts\/68697\/revisions\/68699"}],"wp:featuredmedia":[{"embeddable":true,"href":"https:\/\/zonaroja.com.mx\/index.php?rest_route=\/wp\/v2\/media\/68698"}],"wp:attachment":[{"href":"https:\/\/zonaroja.com.mx\/index.php?rest_route=%2Fwp%2Fv2%2Fmedia&parent=68697"}],"wp:term":[{"taxonomy":"category","embeddable":true,"href":"https:\/\/zonaroja.com.mx\/index.php?rest_route=%2Fwp%2Fv2%2Fcategories&post=68697"},{"taxonomy":"post_tag","embeddable":true,"href":"https:\/\/zonaroja.com.mx\/index.php?rest_route=%2Fwp%2Fv2%2Ftags&post=68697"}],"curies":[{"name":"wp","href":"https:\/\/api.w.org\/{rel}","templated":true}]}}