{"id":68701,"date":"2024-05-25T06:34:49","date_gmt":"2024-05-25T12:34:49","guid":{"rendered":"https:\/\/zonaroja.com.mx\/?p=68701"},"modified":"2024-05-25T06:34:50","modified_gmt":"2024-05-25T12:34:50","slug":"detiene-la-fiscalia-a-presunto-ladron-de-tiendas-oxxo-en-el-istmo","status":"publish","type":"post","link":"https:\/\/zonaroja.com.mx\/?p=68701","title":{"rendered":"Detiene la Fiscal\u00eda a presunto ladr\u00f3n de tiendas Oxxo en el Istmo"},"content":{"rendered":"\n<p>Redacci\u00f3n\/Zona Roja.<\/p>\n\n\n\n<p>Oaxaca de Ju\u00e1rez, Oax., 24 de mayo de 2024.- Como parte de sus acciones permanentes en el combate a la delincuencia, la Fiscal\u00eda General del Estado de Oaxaca (FGEO) ejecut\u00f3 una orden de aprehensi\u00f3n en contra de la persona del sexo masculino identificada como C.J.G.F., alias \u00abEl Macizo\u00bb, por el delito de Robo con violencia moral en perjuicio de la Cadena Comercial Oxxo S.A. de C.V., as\u00ed como de las personas identificadas como N.S.L.V. y R.I.G.C., hechos ocurridos en Juchit\u00e1n de Zaragoza.<\/p>\n\n\n\n<p>De acuerdo con lo establecido en el expediente penal, los hechos sucedieron el 7 de abril de 2024, en la sucursal Oxxo ubicada en la carretera Trans\u00edstmica La Ventosa, en la colonia M\u00e1rtires 31 de Julio, perteneciente a Juchit\u00e1n de Zaragoza, sitio a donde arrib\u00f3 una persona para despojar de forma agresiva a los trabajadores de dinero en efectivo, mercanc\u00eda, as\u00ed como de un dispositivo electr\u00f3nico port\u00e1til.<\/p>\n\n\n\n<p>Ante estos hechos, la Fiscal\u00eda de Oaxaca inici\u00f3 las investigaciones correspondientes a trav\u00e9s de la Vicefiscal\u00eda Regional del Istmo, que dieron como resultado la detenci\u00f3n de C.J.G.F., alias \u00abEl Macizo\u00bb, quien fue puesto a disposici\u00f3n de la autoridad ministerial correspondiente para determinar su situaci\u00f3n jur\u00eddica.<\/p>\n\n\n\n<p>La Fiscal\u00eda General del Estado de Oaxaca mantiene de manera permanente acciones de inteligencia que permiten detectar objetivos generadores de violencia, as\u00ed como realizar acciones que contribuyan a la paz en todas las regiones de la entidad.<\/p>\n","protected":false},"excerpt":{"rendered":"<p>Redacci\u00f3n\/Zona Roja. Oaxaca de Ju\u00e1rez, Oax., 24 de mayo de 2024.- Como parte de sus&hellip;<\/p>\n","protected":false},"author":2,"featured_media":68702,"comment_status":"closed","ping_status":"open","sticky":false,"template":"","format":"standard","meta":{"_lmt_disableupdate":"","_lmt_disable":"","_jetpack_memberships_contains_paid_content":false,"footnotes":""},"categories":[109,46],"tags":[494],"class_list":["post-68701","post","type-post","status-publish","format-standard","has-post-thumbnail","hentry","category-minuto-a-minuto","category-zona-blanca","tag-fiscalia-general-del-estado-de-oaxaca"],"jetpack_featured_media_url":"https:\/\/zonaroja.com.mx\/wp-content\/uploads\/2024\/05\/Asaltante-de-Oxxo-en-Juchitan.jpg","jetpack_sharing_enabled":true,"_links":{"self":[{"href":"https:\/\/zonaroja.com.mx\/index.php?rest_route=\/wp\/v2\/posts\/68701","targetHints":{"allow":["GET"]}}],"collection":[{"href":"https:\/\/zonaroja.com.mx\/index.php?rest_route=\/wp\/v2\/posts"}],"about":[{"href":"https:\/\/zonaroja.com.mx\/index.php?rest_route=\/wp\/v2\/types\/post"}],"author":[{"embeddable":true,"href":"https:\/\/zonaroja.com.mx\/index.php?rest_route=\/wp\/v2\/users\/2"}],"replies":[{"embeddable":true,"href":"https:\/\/zonaroja.com.mx\/index.php?rest_route=%2Fwp%2Fv2%2Fcomments&post=68701"}],"version-history":[{"count":1,"href":"https:\/\/zonaroja.com.mx\/index.php?rest_route=\/wp\/v2\/posts\/68701\/revisions"}],"predecessor-version":[{"id":68703,"href":"https:\/\/zonaroja.com.mx\/index.php?rest_route=\/wp\/v2\/posts\/68701\/revisions\/68703"}],"wp:featuredmedia":[{"embeddable":true,"href":"https:\/\/zonaroja.com.mx\/index.php?rest_route=\/wp\/v2\/media\/68702"}],"wp:attachment":[{"href":"https:\/\/zonaroja.com.mx\/index.php?rest_route=%2Fwp%2Fv2%2Fmedia&parent=68701"}],"wp:term":[{"taxonomy":"category","embeddable":true,"href":"https:\/\/zonaroja.com.mx\/index.php?rest_route=%2Fwp%2Fv2%2Fcategories&post=68701"},{"taxonomy":"post_tag","embeddable":true,"href":"https:\/\/zonaroja.com.mx\/index.php?rest_route=%2Fwp%2Fv2%2Ftags&post=68701"}],"curies":[{"name":"wp","href":"https:\/\/api.w.org\/{rel}","templated":true}]}}