{"id":6871,"date":"2019-12-22T08:01:25","date_gmt":"2019-12-22T14:01:25","guid":{"rendered":"http:\/\/www.zonaroja.com.mx\/?p=6871"},"modified":"2019-12-22T08:01:28","modified_gmt":"2019-12-22T14:01:28","slug":"sin-respuesta-de-las-autoridades-a-un-mes-del-desalojo-violento-en-xoxocotlan","status":"publish","type":"post","link":"https:\/\/zonaroja.com.mx\/?p=6871","title":{"rendered":"Sin respuesta de las autoridades, a un mes del desalojo violento en Xoxocotl\u00e1n"},"content":{"rendered":"\n<p>Redacci\u00f3n\/Zona\nRoja.<\/p>\n\n\n\n<p>Oaxaca de\nJu\u00e1rez, Oax., 22 de diciembre de 2019.- A unos d\u00edas que se celebre la Navidad y\ncon el reciente descenso de temperatura que se registra en la capital de\nOaxaca, decenas de familias desplazadas de los parajes \u201cEl Coquito\u201d, \u201cLos\nM\u00e1ngales\u201d y \u201cLomas de Qu\u00edo\u201d, Santa Cruz Xoxocotl\u00e1n, mantienen su \u201cplant\u00f3n\u201d a\nlas afueras de Palacio de Gobierno.<\/p>\n\n\n\n<p>Gerardo\nVald\u00e9s Vald\u00e9s, secretario vecinal de las familias de \u201cLomas de Qu\u00edo\u201d y\nrepresentante de las familias de los parajes unidos, asegur\u00f3 que a un mes de\nlos hechos no existe respuesta de las autoridades del gobierno de Oaxaca, pese\na que estuvieron involucradas en la violencia que los dej\u00f3 sin un techo para\npasar las festividades navide\u00f1as.<\/p>\n\n\n\n<p>Record\u00f3\nque fueron las autoridades municipales y estatales las que respaldaron al grupo\nparamilitar que con lujo de violencia y uso de armas de fuego exclusivo de las\nfuerzas de seguridad, por lo que han decidido llevar su demanda de justicia a\nla Ciudad de M\u00e9xico para informarle al Presidente Andr\u00e9s Manuel L\u00f3pez Obrador\nque en Oaxaca no hay justicia.<\/p>\n\n\n\n<p>\u201cNosotros ya esperamos un mes, ya hicimos las declaraciones pertinentes en la Fiscal\u00eda General, ya agotamos todas las v\u00edas legales y pol\u00edticas aqu\u00ed en Oaxaca para que el gobierno resolviera la problem\u00e1tica ya que ellos estuvieron involucrados prueba de ello es que cuando nos desalojaron colocan inmediatamente el enmallado\u201d, dijo.<\/p>\n\n\n\n<figure class=\"wp-block-embed-twitter wp-block-embed is-type-rich is-provider-twitter\"><div class=\"wp-block-embed__wrapper\">\n<div class=\"twitter-tweet\"><blockquote class=\"twitter-tweet\" data-lang=\"es\"><p lang=\"es\" dir=\"ltr\">(2) Dos muertos, decenas de viviendas quemadas, un mes viviendo en la calle, y nadie los atiende; damnificados de parajes de Xoxocotl\u00e1n tuvieron que buscar hoy a <a href=\"https:\/\/twitter.com\/lopezobrador_?ref_src=twsrc%5Etfw\">@lopezobrador_<\/a> en la Cdmx. <a href=\"https:\/\/t.co\/uQRMMm1dV3\">pic.twitter.com\/uQRMMm1dV3<\/a><\/p>&mdash; Zona Roja Oaxaca (@MexRoja) <a href=\"https:\/\/twitter.com\/MexRoja\/status\/1208176965343014918?ref_src=twsrc%5Etfw\">21 de diciembre de 2019<\/a><\/blockquote><\/div>\n<\/div><\/figure>\n\n\n\n<p>El\nrepresentante de las familias de los parajes unidos recrimin\u00f3 que no exista una\norden de expropiaci\u00f3n de los predios que le permita al gobierno de Oaxaca haber\nactuado de tal forma, a la par que dijo desconocer si existe un documento\noficial que avale el desalojo y el enmallado posterior del per\u00edmetro que\ncorresponde a la zona arqueol\u00f3gica de Monte Alb\u00e1n.<\/p>\n\n\n\n<p>Detall\u00f3\nque el 90 por ciento de los parajes \u201cEl Coquito\u201d y \u201cLomas de Qu\u00edo\u201d se ubicaban\nfuera de la zona en pugna, por lo que asegur\u00f3 son intereses inmobiliarios los\nque se hacen evidentes para haber actuado de forma violenta en contra de la\npoblaci\u00f3n.<\/p>\n\n\n\n<p>\u201cPor eso\nya estamos tocando las puertas de Palacio Nacional para pedir la intervenci\u00f3n\nde Andr\u00e9s Manuel L\u00f3pez Obrador, que se entere y que resuelva la problem\u00e1tica\nque desde el 2018 se hizo de conocimiento a nivel nacional sin que existiera\nrespuesta previa de parte de Nancy Ortiz y Salom\u00f3n Jara que no nos escucharon\u201d,\nsentenci\u00f3.<\/p>\n\n\n\n<p>Gerardo\nVald\u00e9s manifest\u00f3 que el costo de la violencia en la zona fueron dos personas\nmuertas, decenas de casas saqueadas e incendiada, 209 familias en las calles\nque no le interesan a las autoridades y que exigen justicia por lo que\npermanecer\u00e1n en plant\u00f3n a las afueras de Palacio de Gobierno.<\/p>\n\n\n\n<p>\u201cEstamos\nenojados por esta situaci\u00f3n, nosotros no estamos aqu\u00ed por flojera queremos\njusticia y restituci\u00f3n de nuestras tierras y nuestras vivienda, si hubiera sido\nlegal me cae que nosotras nos hubi\u00e9ramos salido. Somos gente de trabajo y\nestamos dispuestos a construir nuestras propias viviendas, pero necesitamos\njusticia\u201d, concluy\u00f3.<\/p>\n","protected":false},"excerpt":{"rendered":"<p>Redacci\u00f3n\/Zona Roja. Oaxaca de Ju\u00e1rez, Oax., 22 de diciembre de 2019.- A unos d\u00edas que&hellip;<\/p>\n","protected":false},"author":2,"featured_media":6872,"comment_status":"closed","ping_status":"open","sticky":false,"template":"","format":"standard","meta":{"_lmt_disableupdate":"","_lmt_disable":"","_jetpack_memberships_contains_paid_content":false,"footnotes":""},"categories":[109,47],"tags":[133],"class_list":["post-6871","post","type-post","status-publish","format-standard","has-post-thumbnail","hentry","category-minuto-a-minuto","category-zona-gris","tag-santa-cruz-xoxocotlan"],"jetpack_featured_media_url":"https:\/\/zonaroja.com.mx\/wp-content\/uploads\/2019\/12\/Muertos-parajes-Xoxocotl\u00e1n.jpg","jetpack_sharing_enabled":true,"_links":{"self":[{"href":"https:\/\/zonaroja.com.mx\/index.php?rest_route=\/wp\/v2\/posts\/6871","targetHints":{"allow":["GET"]}}],"collection":[{"href":"https:\/\/zonaroja.com.mx\/index.php?rest_route=\/wp\/v2\/posts"}],"about":[{"href":"https:\/\/zonaroja.com.mx\/index.php?rest_route=\/wp\/v2\/types\/post"}],"author":[{"embeddable":true,"href":"https:\/\/zonaroja.com.mx\/index.php?rest_route=\/wp\/v2\/users\/2"}],"replies":[{"embeddable":true,"href":"https:\/\/zonaroja.com.mx\/index.php?rest_route=%2Fwp%2Fv2%2Fcomments&post=6871"}],"version-history":[{"count":1,"href":"https:\/\/zonaroja.com.mx\/index.php?rest_route=\/wp\/v2\/posts\/6871\/revisions"}],"predecessor-version":[{"id":6873,"href":"https:\/\/zonaroja.com.mx\/index.php?rest_route=\/wp\/v2\/posts\/6871\/revisions\/6873"}],"wp:featuredmedia":[{"embeddable":true,"href":"https:\/\/zonaroja.com.mx\/index.php?rest_route=\/wp\/v2\/media\/6872"}],"wp:attachment":[{"href":"https:\/\/zonaroja.com.mx\/index.php?rest_route=%2Fwp%2Fv2%2Fmedia&parent=6871"}],"wp:term":[{"taxonomy":"category","embeddable":true,"href":"https:\/\/zonaroja.com.mx\/index.php?rest_route=%2Fwp%2Fv2%2Fcategories&post=6871"},{"taxonomy":"post_tag","embeddable":true,"href":"https:\/\/zonaroja.com.mx\/index.php?rest_route=%2Fwp%2Fv2%2Ftags&post=6871"}],"curies":[{"name":"wp","href":"https:\/\/api.w.org\/{rel}","templated":true}]}}