{"id":68710,"date":"2024-05-25T12:00:00","date_gmt":"2024-05-25T18:00:00","guid":{"rendered":"https:\/\/zonaroja.com.mx\/?p=68710"},"modified":"2024-05-25T07:24:46","modified_gmt":"2024-05-25T13:24:46","slug":"gobierno-de-amlo-nunca-se-intereso-por-mexicano-asesinado-por-hamas","status":"publish","type":"post","link":"https:\/\/zonaroja.com.mx\/?p=68710","title":{"rendered":"Gobierno de AMLO nunca se interes\u00f3 por mexicano asesinado por Ham\u00e1s"},"content":{"rendered":"\n<p>Redacci\u00f3n\/Zona Roja Cdmx.<\/p>\n\n\n\n<p>Ciudad de M\u00e9xico, a 25 de mayo de 2024.- El vocero de la familia del mexicano-franc\u00e9s Ori\u00f3n Hern\u00e1ndez secuestrado por el grupo terrorista Ham\u00e1s, Gabriel De la Fuente, asegur\u00f3 este viernes que el presidente Andr\u00e9s Manuel L\u00f3pez Obrador no se tomo el tiempo para abogar por la liberaci\u00f3n del mexicano.<\/p>\n\n\n\n<p>En entrevista para Grupo F\u00f3rmula, De la Fuente indic\u00f3 que tras los dichos del presidente L\u00f3pez Obrador en su conferencia ma\u00f1anera desde Palacio Nacional, afirm\u00f3 que el mandatario nunca hizo presencia directa en Israel para ver por sus rehenes as\u00ed como para mencionarlo en sus conferencias matutinas.<\/p>\n\n\n\n<p>\u201c\u00c9l (L\u00f3pez Obrador) ya nada m\u00e1s se dedica a dar p\u00e9sames a diferencias de otros mandatarios en el mundo que hicieron presencia directamente en Israel para ver por sus rehenes, pues si el presidente no tuvo ni siquiera un minuto para mencionarlo en sus ma\u00f1aneras, ni para exigirle a Ham\u00e1s su pronta liberaci\u00f3n, ya que no ten\u00eda nada que ver en ese conflicto\u201d, dijo.<\/p>\n\n\n\n<p>L\u00f3pez Obrador expres\u00f3 sus condolencias este 24 de mayo tras la muerte de Ori\u00f3n Hern\u00e1ndez a sus familiares luego de que fuera informado por el hallazgo del cuerpo del mexicano junto a otros dos rehenes: el israel\u00ed Hanan Yablonka, el brasile\u00f1o-israel\u00ed Michel Nisenbaum al norte de la Franja de Gaza.<\/p>\n\n\n\n<p>\u201cEs una Informaci\u00f3n muy lamentable, uno de los rehenes se encontr\u00f3 muerto, Ori\u00f3n Hern\u00e1ndez. \u00c9l se supone est\u00e1 sosteniendo que desde los primeros d\u00edas de la detenci\u00f3n, el secuestro, lo asesinaron, perdi\u00f3 la vida. Le mando un abrazo a sus familiares\u201d, coment\u00f3<\/p>\n\n\n\n<p>El vocero de la familia Hern\u00e1ndez sostuvo que los comentario del dirigente estuvieron \u201cfuera de tiempo\u201d; no obstante, anunci\u00f3 que se est\u00e1n haciendo los trabajos correspondientes para traer el cuerpo de Ori\u00f3n a la Ciudad de M\u00e9xico.<\/p>\n\n\n\n<p>\u201cEstamos haciendo las sesiones para traerlo a la Ciudad de M\u00e9xico para hacerle aqu\u00ed sus funerales y para que todos se puedan despedir de Ori\u00f3n, era una persona muy querida aqu\u00ed por sus amistades, entonces decidimos hacer en la Ciudad sus funerales y hasta el momento aqu\u00ed estamos preparando el papeleo para recibirlo por ac\u00e1\u201d, a\u00f1adi\u00f3.<\/p>\n\n\n\n<p>RECUPERAN CAD\u00c1VER<\/p>\n\n\n\n<p>Los cad\u00e1veres de otros tres rehenes asesinados el 7 de octubre fueron recuperados durante la noche en la Franja de Gaza, dijo el viernes el ej\u00e9rcito de Israel, mientras el m\u00e1ximo tribunal de Naciones Unidas se alistaba para decidir Israel debe suspender sus operaciones militares y retirarse del sitiado enclave.<\/p>\n\n\n\n<p>Se encontraron los cuerpos de Hanan Yablonka, Michel Nisenbaum y Ori\u00f3n Hern\u00e1ndez Radoux, cuyas familias fueron informadas. El ej\u00e9rcito explic\u00f3 que los tres murieron el d\u00eda del asalto insurgente palestino en el cruce de Mefalsim y sus cad\u00e1veres fueron llevados a Gaza.<\/p>\n\n\n\n<p>El anuncio se produce menos de una semana despu\u00e9s de que el ej\u00e9rcito revel\u00f3 el hallazgo de otros tres rehenes israel\u00edes muertos el 7 de octubre.<\/p>\n\n\n\n<p>La incursi\u00f3n insurgente encabezada por Ham\u00e1s dej\u00f3 alrededor de 1 mil 200 fallecidos, en su mayor\u00eda civiles, mientras que otras 250 personas fueron capturadas como rehenes. Casi la mitad de han quedado libres desde entonces, la mayor\u00eda de ellos en intercambios por palestinos presos en Israel durante un alto el fuego de una semana en noviembre.<\/p>\n\n\n\n<p>Seg\u00fan Israel, alrededor de 100 rehenes siguen cautivos en Gaza, junto a los cuerpos de unas 30 personas m\u00e1s.&nbsp;<\/p>\n\n\n\n<p>(Con informaci\u00f3n de AP, en \u201cEl Financiero\u201d)<\/p>\n","protected":false},"excerpt":{"rendered":"<p>Redacci\u00f3n\/Zona Roja Cdmx. Ciudad de M\u00e9xico, a 25 de mayo de 2024.- El vocero de&hellip;<\/p>\n","protected":false},"author":2,"featured_media":68711,"comment_status":"closed","ping_status":"open","sticky":false,"template":"","format":"standard","meta":{"_lmt_disableupdate":"","_lmt_disable":"","_jetpack_memberships_contains_paid_content":false,"footnotes":""},"categories":[109,47],"tags":[3950],"class_list":["post-68710","post","type-post","status-publish","format-standard","has-post-thumbnail","hentry","category-minuto-a-minuto","category-zona-gris","tag-orion-hernandez"],"jetpack_featured_media_url":"https:\/\/zonaroja.com.mx\/wp-content\/uploads\/2024\/05\/Orion-Hernandez-Hamas.jpg","jetpack_sharing_enabled":true,"_links":{"self":[{"href":"https:\/\/zonaroja.com.mx\/index.php?rest_route=\/wp\/v2\/posts\/68710","targetHints":{"allow":["GET"]}}],"collection":[{"href":"https:\/\/zonaroja.com.mx\/index.php?rest_route=\/wp\/v2\/posts"}],"about":[{"href":"https:\/\/zonaroja.com.mx\/index.php?rest_route=\/wp\/v2\/types\/post"}],"author":[{"embeddable":true,"href":"https:\/\/zonaroja.com.mx\/index.php?rest_route=\/wp\/v2\/users\/2"}],"replies":[{"embeddable":true,"href":"https:\/\/zonaroja.com.mx\/index.php?rest_route=%2Fwp%2Fv2%2Fcomments&post=68710"}],"version-history":[{"count":1,"href":"https:\/\/zonaroja.com.mx\/index.php?rest_route=\/wp\/v2\/posts\/68710\/revisions"}],"predecessor-version":[{"id":68712,"href":"https:\/\/zonaroja.com.mx\/index.php?rest_route=\/wp\/v2\/posts\/68710\/revisions\/68712"}],"wp:featuredmedia":[{"embeddable":true,"href":"https:\/\/zonaroja.com.mx\/index.php?rest_route=\/wp\/v2\/media\/68711"}],"wp:attachment":[{"href":"https:\/\/zonaroja.com.mx\/index.php?rest_route=%2Fwp%2Fv2%2Fmedia&parent=68710"}],"wp:term":[{"taxonomy":"category","embeddable":true,"href":"https:\/\/zonaroja.com.mx\/index.php?rest_route=%2Fwp%2Fv2%2Fcategories&post=68710"},{"taxonomy":"post_tag","embeddable":true,"href":"https:\/\/zonaroja.com.mx\/index.php?rest_route=%2Fwp%2Fv2%2Ftags&post=68710"}],"curies":[{"name":"wp","href":"https:\/\/api.w.org\/{rel}","templated":true}]}}