{"id":68716,"date":"2024-05-25T12:34:00","date_gmt":"2024-05-25T18:34:00","guid":{"rendered":"https:\/\/zonaroja.com.mx\/?p=68716"},"modified":"2024-05-25T07:42:52","modified_gmt":"2024-05-25T13:42:52","slug":"este-ano-han-sido-asesinados-al-menos-84-menores-en-mexico","status":"publish","type":"post","link":"https:\/\/zonaroja.com.mx\/?p=68716","title":{"rendered":"Este a\u00f1o han sido asesinados al menos 84 menores en M\u00e9xico"},"content":{"rendered":"\n<p>Redacci\u00f3n\/Zona Roja Cdmx.<\/p>\n\n\n\n<p>Ciudad de M\u00e9xico, a 25 de mayo de 2024.- Al menos 84 asesinatos contra ni\u00f1os y adolescentes (menores de edad) han sido reportados por medios de comunicaci\u00f3n en lo que va de 2024, denunci\u00f3 la organizaci\u00f3n mexicana Causa en Com\u00fan.<\/p>\n\n\n\n<p>El apunte llega tras el registro de dos actos violentos cometidos en contra de dos menores en menos de una semana en los estados mexicano de Guanajuato y Tabasco, respectivamente.<\/p>\n\n\n\n<p>\u201cEn lo que va del 2024, hemos contabilizado, al menos, 84 asesinatos de ni\u00f1as, ni\u00f1os y adolescentes reportados por los medios de comunicaci\u00f3n, incluyendo el tr\u00e1gico caso de Dante Emiliano en Para\u00edso, Tabasco. \u00a1Condenamos la violencia que alcanza a los menores en M\u00e9xico!\u201d, apunt\u00f3 la ONG en un comunicado.<\/p>\n\n\n\n<p>Las fechas que refiere la organizaci\u00f3n van del 1 de enero al 23 de mayo.<\/p>\n\n\n\n<p>El 21 de mayo, el ni\u00f1o Dante Emiliano fue asesinado en el municipio de Para\u00edso, Tabasco, sureste de M\u00e9xico.<\/p>\n\n\n\n<p>Seg\u00fan versiones, el pasado martes 21 de mayo por la tarde Emiliano y su madre caminaban por las calles de Para\u00edso cuando fueron interceptados por un grupo de hombres armados con la intenci\u00f3n de llevarse a la mujer, Emiliano protegi\u00f3 a su madre y forceje\u00f3 con los delincuentes y recibi\u00f3 al menos cinco disparos.<\/p>\n\n\n\n<p>Mientras que el 15 de mayo, mientras acompa\u00f1aba a sus padres campesinos en el municipio de Romita, Guanajuato, el ni\u00f1o ind\u00edgena Javier Modesto Moreno, de tres a\u00f1os, fue v\u00edctima de desaparici\u00f3n.<\/p>\n\n\n\n<p>La Oficina en M\u00e9xico del Alto Comisionado de las Naciones Unidas para los Derechos Humanos (ONU-DH) manifest\u00f3 su preocupaci\u00f3n por estos dos actos violentos cometidos en contra de menores.<\/p>\n\n\n\n<p>En el caso ocurrido en Tabasco, seg\u00fan fuentes cercanas a la Fiscal\u00eda General del Estado (FGE), el ni\u00f1o estaba en casa de su abuela cuando recibi\u00f3 una llamada y sali\u00f3. En la calle hab\u00eda un auto al que intentaron subirlo a la fuerza, pero \u00e9l se resisti\u00f3 y recibi\u00f3 los disparos, luego fue trasladado al Hospital Regional de Petr\u00f3leos Mexicano (Pemex) donde falleci\u00f3.<\/p>\n\n\n\n<p>El presidente de M\u00e9xico, Andr\u00e9s Manuel L\u00f3pez Obrador, lament\u00f3 la muerte del menor pero critic\u00f3 que los medios \u201cmagnificaran\u201d su muerte.<\/p>\n\n\n\n<p>\u201cComo estamos en temporada electoral y todo lo que sea para perjudicarme a m\u00ed, m\u00e1s que es mi estado, pues los corruptos, que est\u00e1n muy enojados, magnifican mucho todo lo relacionado con violencia\u201d, declar\u00f3 en su conferencia de todos los d\u00edas.<\/p>\n\n\n\n<p>\u201c(El ni\u00f1o) sali\u00f3 de la casa, esa es la informaci\u00f3n que tenemos, con tres personas que estaban en un veh\u00edculo. Creo que quisieron llev\u00e1rselo a \u00e9l, sali\u00f3 uno de ellos, del carro, y le dispararon\u201d, expuso.<\/p>\n\n\n\n<p>(Informaci\u00f3n de la agencia EFE)<\/p>\n","protected":false},"excerpt":{"rendered":"<p>Redacci\u00f3n\/Zona Roja Cdmx. Ciudad de M\u00e9xico, a 25 de mayo de 2024.- Al menos 84&hellip;<\/p>\n","protected":false},"author":2,"featured_media":68719,"comment_status":"closed","ping_status":"open","sticky":false,"template":"","format":"standard","meta":{"_lmt_disableupdate":"","_lmt_disable":"","_jetpack_memberships_contains_paid_content":false,"footnotes":""},"categories":[109,47],"tags":[],"class_list":["post-68716","post","type-post","status-publish","format-standard","has-post-thumbnail","hentry","category-minuto-a-minuto","category-zona-gris"],"jetpack_featured_media_url":"https:\/\/zonaroja.com.mx\/wp-content\/uploads\/2024\/05\/Escena-crimen-homicidio.jpg","jetpack_sharing_enabled":true,"_links":{"self":[{"href":"https:\/\/zonaroja.com.mx\/index.php?rest_route=\/wp\/v2\/posts\/68716","targetHints":{"allow":["GET"]}}],"collection":[{"href":"https:\/\/zonaroja.com.mx\/index.php?rest_route=\/wp\/v2\/posts"}],"about":[{"href":"https:\/\/zonaroja.com.mx\/index.php?rest_route=\/wp\/v2\/types\/post"}],"author":[{"embeddable":true,"href":"https:\/\/zonaroja.com.mx\/index.php?rest_route=\/wp\/v2\/users\/2"}],"replies":[{"embeddable":true,"href":"https:\/\/zonaroja.com.mx\/index.php?rest_route=%2Fwp%2Fv2%2Fcomments&post=68716"}],"version-history":[{"count":1,"href":"https:\/\/zonaroja.com.mx\/index.php?rest_route=\/wp\/v2\/posts\/68716\/revisions"}],"predecessor-version":[{"id":68720,"href":"https:\/\/zonaroja.com.mx\/index.php?rest_route=\/wp\/v2\/posts\/68716\/revisions\/68720"}],"wp:featuredmedia":[{"embeddable":true,"href":"https:\/\/zonaroja.com.mx\/index.php?rest_route=\/wp\/v2\/media\/68719"}],"wp:attachment":[{"href":"https:\/\/zonaroja.com.mx\/index.php?rest_route=%2Fwp%2Fv2%2Fmedia&parent=68716"}],"wp:term":[{"taxonomy":"category","embeddable":true,"href":"https:\/\/zonaroja.com.mx\/index.php?rest_route=%2Fwp%2Fv2%2Fcategories&post=68716"},{"taxonomy":"post_tag","embeddable":true,"href":"https:\/\/zonaroja.com.mx\/index.php?rest_route=%2Fwp%2Fv2%2Ftags&post=68716"}],"curies":[{"name":"wp","href":"https:\/\/api.w.org\/{rel}","templated":true}]}}