{"id":68726,"date":"2024-05-26T14:07:00","date_gmt":"2024-05-26T20:07:00","guid":{"rendered":"https:\/\/zonaroja.com.mx\/?p=68726"},"modified":"2024-05-26T07:22:04","modified_gmt":"2024-05-26T13:22:04","slug":"olas-de-calor-producen-estres-termico-asegura-la-oms","status":"publish","type":"post","link":"https:\/\/zonaroja.com.mx\/?p=68726","title":{"rendered":"Olas de calor producen estr\u00e9s t\u00e9rmico, asegura la OMS"},"content":{"rendered":"\n<p>Redacci\u00f3n\/Zona Roja Cdmx.<\/p>\n\n\n\n<p>Ciudad de M\u00e9xico, a 26 de mayo de 2024.- Las olas de calor producen estr\u00e9s t\u00e9rmico, es decir, cuando el cuerpo no puede refrigerarse desencadena agotamiento o insolaci\u00f3n, adem\u00e1s de agravar enfermedades cardiovasculares, respiratorias y renales, as\u00ed como problemas de salud mental, alerta la Organizaci\u00f3n Mundial de la Salud (OMS).<\/p>\n\n\n\n<p>Desde el a\u00f1o pasado, el organismo de Naciones Unidas enfatiz\u00f3 que las olas de calor son un riesgo a la salud debido a los graves efectos que pueden ocasionar a la poblaci\u00f3n, en particular a los m\u00e1s vulnerables, ni\u00f1os menores de seis a\u00f1os, personas adultas mayores y quienes enfrentan padecimientos cr\u00f3nico degenerativos, como la diabetes e hipertensi\u00f3n.<\/p>\n\n\n\n<p>En las Am\u00e9ricas, la Organizaci\u00f3n Panamericana de la Salud record\u00f3 que el calor es uno de los contaminantes f\u00edsicos ambientales m\u00e1s frecuentes, lo que impacta principalmente a quienes deben laborar al aire libre o en condiciones clim\u00e1ticas extremas.<\/p>\n\n\n\n<p>Ambos organismos destacan que los efectos adversos del calor sobre la salud pueden prevenirse \u201ccon precauciones de sentido com\u00fan, como permanecer en casa durante las horas m\u00e1s calurosas, si es posible, y mantenerse hidratado\u201d.<\/p>\n\n\n\n<p>Se\u00f1alan que los gobiernos tambi\u00e9n deben mejorar la prevenci\u00f3n y alertar de las olas de calor.<\/p>\n\n\n\n<p>\u201cLos gobiernos pueden ayudar estableciendo sistemas de alerta temprana y respuesta, y planes de comunicaci\u00f3n eficaces\u201d, apunta.<\/p>\n\n\n\n<p>Seg\u00fan la OMS y la Organizaci\u00f3n Mundial de Meteorolog\u00eda \u201cno hay un consenso en la definici\u00f3n de ola de calor, sin embargo se entiende como un \u201cperiodo inusualmente caliente, seco o h\u00famedo, de d\u00eda o de noche, que inicia y termina de forma abrupta, con una duraci\u00f3n de por lo menos dos a tres d\u00edas, con un impacto discernible en los seres humanos y los sistemas naturales\u201d.<\/p>\n\n\n\n<p>(Informaci\u00f3n de \u201cLa Jornada\u201d)<\/p>\n","protected":false},"excerpt":{"rendered":"<p>Redacci\u00f3n\/Zona Roja Cdmx. Ciudad de M\u00e9xico, a 26 de mayo de 2024.- Las olas de&hellip;<\/p>\n","protected":false},"author":2,"featured_media":67364,"comment_status":"closed","ping_status":"open","sticky":false,"template":"","format":"standard","meta":{"_lmt_disableupdate":"","_lmt_disable":"","_jetpack_memberships_contains_paid_content":false,"footnotes":""},"categories":[109,47],"tags":[3583],"class_list":["post-68726","post","type-post","status-publish","format-standard","has-post-thumbnail","hentry","category-minuto-a-minuto","category-zona-gris","tag-ola-de-calor"],"jetpack_featured_media_url":"https:\/\/zonaroja.com.mx\/wp-content\/uploads\/2024\/04\/Calor-en-la-Ciudad-de-Mexico.jpeg","jetpack_sharing_enabled":true,"_links":{"self":[{"href":"https:\/\/zonaroja.com.mx\/index.php?rest_route=\/wp\/v2\/posts\/68726","targetHints":{"allow":["GET"]}}],"collection":[{"href":"https:\/\/zonaroja.com.mx\/index.php?rest_route=\/wp\/v2\/posts"}],"about":[{"href":"https:\/\/zonaroja.com.mx\/index.php?rest_route=\/wp\/v2\/types\/post"}],"author":[{"embeddable":true,"href":"https:\/\/zonaroja.com.mx\/index.php?rest_route=\/wp\/v2\/users\/2"}],"replies":[{"embeddable":true,"href":"https:\/\/zonaroja.com.mx\/index.php?rest_route=%2Fwp%2Fv2%2Fcomments&post=68726"}],"version-history":[{"count":2,"href":"https:\/\/zonaroja.com.mx\/index.php?rest_route=\/wp\/v2\/posts\/68726\/revisions"}],"predecessor-version":[{"id":68751,"href":"https:\/\/zonaroja.com.mx\/index.php?rest_route=\/wp\/v2\/posts\/68726\/revisions\/68751"}],"wp:featuredmedia":[{"embeddable":true,"href":"https:\/\/zonaroja.com.mx\/index.php?rest_route=\/wp\/v2\/media\/67364"}],"wp:attachment":[{"href":"https:\/\/zonaroja.com.mx\/index.php?rest_route=%2Fwp%2Fv2%2Fmedia&parent=68726"}],"wp:term":[{"taxonomy":"category","embeddable":true,"href":"https:\/\/zonaroja.com.mx\/index.php?rest_route=%2Fwp%2Fv2%2Fcategories&post=68726"},{"taxonomy":"post_tag","embeddable":true,"href":"https:\/\/zonaroja.com.mx\/index.php?rest_route=%2Fwp%2Fv2%2Ftags&post=68726"}],"curies":[{"name":"wp","href":"https:\/\/api.w.org\/{rel}","templated":true}]}}