{"id":68730,"date":"2024-05-25T21:20:28","date_gmt":"2024-05-26T03:20:28","guid":{"rendered":"https:\/\/zonaroja.com.mx\/?p=68730"},"modified":"2024-05-25T21:20:29","modified_gmt":"2024-05-26T03:20:29","slug":"fortalecen-seguridad-gobierno-y-fiscalia-en-sierra-de-flores-magon","status":"publish","type":"post","link":"https:\/\/zonaroja.com.mx\/?p=68730","title":{"rendered":"Fortalecen seguridad gobierno y fiscal\u00eda en Sierra de Flores Mag\u00f3n"},"content":{"rendered":"\n<p>Ismael Garc\u00eda M.\/Zona Roja.<\/p>\n\n\n\n<p>Oaxaca de Ju\u00e1rez, Oax., a 25 de mayo de 2024.- Tras los hechos de violencia la madrugada de hoy en Huautla de Jim\u00e9nez, la Fiscal\u00eda General del Estado de Oaxaca y el Gobierno del Estado reforzaron los operativos de seguridad conjuntos en la regi\u00f3n Sierra de Flores Mag\u00f3n.&nbsp;<\/p>\n\n\n\n<p>En un comunicado, la Fiscal\u00eda reconoci\u00f3 que luego de la agresi\u00f3n que sufri\u00f3 el veh\u00edculo en el que viajaba un candidato a la presidencia municipal de Huautla de Jim\u00e9nez, result\u00f3 con lesiones un elemento de la Agencia Estatal de Investigaciones (AEI) quien cumpl\u00eda con labores de protecci\u00f3n, por lo que se inici\u00f3 una carpeta de investigaci\u00f3n en torno a los hechos.<\/p>\n\n\n\n<p>Como parte de las acciones inmediatas luego de la agresi\u00f3n, despleg\u00f3 un operativo coordinado por la AEI junto con la Polic\u00eda Estatal de la Secretar\u00eda de Seguridad P\u00fablica y Protecci\u00f3n Ciudadana, as\u00ed como la Guardia Nacional y la Secretar\u00eda de la Defensa Nacional (SEDENA) para garantizar la seguridad p\u00fablica y la paz social en esta zona de la entidad y evitar que se repitan actos de violencia.<\/p>\n\n\n\n<p>Adem\u00e1s, se abri\u00f3 una carpeta de investigaci\u00f3n por dicha agresi\u00f3n y un equipo especializado de la FGEO acudi\u00f3 al lugar para realizar las primeras indagatorias y labores periciales, las cuales han permitido reforzar las l\u00edneas de investigaci\u00f3n en torno al caso con el compromiso de presentar ante la justicia a los responsables de la agresi\u00f3n.<\/p>\n\n\n\n<p>Los hechos sucedieron durante la madrugada de este s\u00e1bado 25 de mayo de 2024, cuando el candidato a la presidencia municipal de Huautla, viajaba a bordo de una camioneta, junto con dos elementos de la AEI, comisionados para realizar las labores de protecci\u00f3n en cumplimiento a las medidas de protecci\u00f3n dictadas a favor de este aspirante pol\u00edtico.<\/p>\n\n\n\n<p>En el camino observaron que otro veh\u00edculo obstru\u00eda el paso, por lo cual, los elementos de la AEI descendieron para pedir que permitieran la circulaci\u00f3n, observando que al interior del auto estaba un grupo de personas que se neg\u00f3 a moverse y solicit\u00f3 apoyo, por lo cual llegaron m\u00e1s individuos que agredieron a los escoltas que cumplieron con su labor.<\/p>\n\n\n\n<p>A pesar de la agresi\u00f3n, los elementos de la AEI mantuvieron a salvo al candidato a la presidencia municipal, aunque resultaron con lesiones por lo cual fueron atendidos de manera inmediata.<\/p>\n\n\n\n<p>HAY COORDINACI\u00d3N<\/p>\n\n\n\n<p>Por su parte, el gobierno de Oaxaca expuso que la Secretar\u00eda de Seguridad y Protecci\u00f3n Ciudadana (SSPC) en coordinaci\u00f3n con la Fiscal\u00eda General del Estado de Oaxaca (FGEO) despleg\u00f3 un operativo en Huautla de Jim\u00e9nez, ante la agresi\u00f3n contra el candidato a la Presidencia Municipal del partido Morena, en la que result\u00f3 herido un Agente Estatal de Investigaci\u00f3n (AEI).<\/p>\n\n\n\n<p>Se\u00f1al\u00f3 que esta agresi\u00f3n no quedar\u00e1 impune, por lo que solicit\u00f3 a la FGEO investigar esta agresi\u00f3n y aplicar el peso de la ley contra quien o quienes resulten responsables.<\/p>\n\n\n\n<p>Asimismo, hace un llamado a las personas que compiten por un cargo de elecci\u00f3n popular en este municipio y en la entidad, para que se conduzcan con civilidad y en el marco de la ley en esta contienda.<\/p>\n\n\n\n<p>Con apoyo de instancias de seguridad federales, las corporaciones estatales han ampliado la seguridad en la zona como parte de las acciones emprendidas por el Gobierno Estatal para coadyuvar en la pacificaci\u00f3n de la contienda electoral y brindar las medidas de protecci\u00f3n a candidatas y candidatos que participan en ella.<\/p>\n\n\n\n<p>El Gobierno del Estado mantiene su compromiso con la salvaguarda e integridad de las y los aspirantes a cargos de elecci\u00f3n popular que contender\u00e1n en la pr\u00f3xima elecci\u00f3n federal, por lo que la colaboraci\u00f3n interinstitucional se fortalece para asegurar un proceso pac\u00edfico.<\/p>\n","protected":false},"excerpt":{"rendered":"<p>Ismael Garc\u00eda M.\/Zona Roja. Oaxaca de Ju\u00e1rez, Oax., a 25 de mayo de 2024.- Tras&hellip;<\/p>\n","protected":false},"author":2,"featured_media":68732,"comment_status":"closed","ping_status":"open","sticky":false,"template":"","format":"standard","meta":{"_lmt_disableupdate":"","_lmt_disable":"","_jetpack_memberships_contains_paid_content":false,"footnotes":""},"categories":[109,46],"tags":[494],"class_list":["post-68730","post","type-post","status-publish","format-standard","has-post-thumbnail","hentry","category-minuto-a-minuto","category-zona-blanca","tag-fiscalia-general-del-estado-de-oaxaca"],"jetpack_featured_media_url":"https:\/\/zonaroja.com.mx\/wp-content\/uploads\/2024\/05\/Huautla-de-Jimenez.jpg","jetpack_sharing_enabled":true,"_links":{"self":[{"href":"https:\/\/zonaroja.com.mx\/index.php?rest_route=\/wp\/v2\/posts\/68730","targetHints":{"allow":["GET"]}}],"collection":[{"href":"https:\/\/zonaroja.com.mx\/index.php?rest_route=\/wp\/v2\/posts"}],"about":[{"href":"https:\/\/zonaroja.com.mx\/index.php?rest_route=\/wp\/v2\/types\/post"}],"author":[{"embeddable":true,"href":"https:\/\/zonaroja.com.mx\/index.php?rest_route=\/wp\/v2\/users\/2"}],"replies":[{"embeddable":true,"href":"https:\/\/zonaroja.com.mx\/index.php?rest_route=%2Fwp%2Fv2%2Fcomments&post=68730"}],"version-history":[{"count":1,"href":"https:\/\/zonaroja.com.mx\/index.php?rest_route=\/wp\/v2\/posts\/68730\/revisions"}],"predecessor-version":[{"id":68733,"href":"https:\/\/zonaroja.com.mx\/index.php?rest_route=\/wp\/v2\/posts\/68730\/revisions\/68733"}],"wp:featuredmedia":[{"embeddable":true,"href":"https:\/\/zonaroja.com.mx\/index.php?rest_route=\/wp\/v2\/media\/68732"}],"wp:attachment":[{"href":"https:\/\/zonaroja.com.mx\/index.php?rest_route=%2Fwp%2Fv2%2Fmedia&parent=68730"}],"wp:term":[{"taxonomy":"category","embeddable":true,"href":"https:\/\/zonaroja.com.mx\/index.php?rest_route=%2Fwp%2Fv2%2Fcategories&post=68730"},{"taxonomy":"post_tag","embeddable":true,"href":"https:\/\/zonaroja.com.mx\/index.php?rest_route=%2Fwp%2Fv2%2Ftags&post=68730"}],"curies":[{"name":"wp","href":"https:\/\/api.w.org\/{rel}","templated":true}]}}