{"id":68734,"date":"2024-05-25T21:47:57","date_gmt":"2024-05-26T03:47:57","guid":{"rendered":"https:\/\/zonaroja.com.mx\/?p=68734"},"modified":"2024-05-25T21:47:59","modified_gmt":"2024-05-26T03:47:59","slug":"impulsan-programa-de-capacitacion-para-erradicar-violencia-de-genero-en-el-congreso","status":"publish","type":"post","link":"https:\/\/zonaroja.com.mx\/?p=68734","title":{"rendered":"Impulsan programa de capacitaci\u00f3n para erradicar violencia de g\u00e9nero en el Congreso"},"content":{"rendered":"\n<p>Redacci\u00f3n\/Zona Roja.&nbsp;<\/p>\n\n\n\n<p>Oaxaca de Ju\u00e1rez, Oax. 25 de mayo de 2024.- Con motivo del D\u00eda Naranja, que se conmemora el d\u00eda 25 de cada mes, personal del Poder Legislativo particip\u00f3 en el piloto del programa de capacitaci\u00f3n integral para erradicar la violencia contra las mujeres en el Congreso de Oaxaca.<\/p>\n\n\n\n<p>Este piloto del proyecto de capacitaci\u00f3n fue creado por Alondra Garc\u00eda L\u00f3pez, estudiante de la Licenciatura en Intervenci\u00f3n Educativa, de la Universidad Pedag\u00f3gica Nacional (UPN), con el objetivo de generar mecanismos para la prevenci\u00f3n de casos de violencia contra las mujeres en este poder de Oaxaca.<\/p>\n\n\n\n<p>Durante el encuentro, se inform\u00f3 acerca del \u201cProtocolo para prevenir, atender, sancionar y erradicar la violencia contra las mujeres por raz\u00f3n de g\u00e9nero en el Poder Legislativo del Estado Libre y Soberano de Oaxaca\u201d, elaborado por y para el Congreso local, y aprobado por el Pleno de la LXV Legislatura local en sesi\u00f3n ordinaria del 4 de abril de 2023.<\/p>\n\n\n\n<p>El objetivo general de dicho protocolo, es contar con una gu\u00eda para garantizar que el Poder Legislativo de Oaxaca sea un espacio libre de violencia contra las mujeres en raz\u00f3n de g\u00e9nero; y que, para el caso de ser violentadas, las mujeres cuenten con atenci\u00f3n con perspectiva de g\u00e9nero.<\/p>\n\n\n\n<p>De esta forma se busca prevenir, atender, sancionar y erradicar cualquier tipo de violencia entre el personal que trabaje, colabore o visite el Congreso del Estado.<\/p>\n\n\n\n<p>Esta actividad para el piloto del programa de capacitaci\u00f3n fue convocada por el CEMPAG y la Direcci\u00f3n de Comunicaci\u00f3n Social del Congreso de Oaxaca, para seguir sumando a las diversas acciones que en todas las \u00e1reas de este poder se realizan para asegurar que la C\u00e1mara de Diputadas y Diputados sea un espacio libre de violencia contra las mujeres.<\/p>\n","protected":false},"excerpt":{"rendered":"<p>Redacci\u00f3n\/Zona Roja.&nbsp; Oaxaca de Ju\u00e1rez, Oax. 25 de mayo de 2024.- Con motivo del D\u00eda&hellip;<\/p>\n","protected":false},"author":2,"featured_media":68735,"comment_status":"closed","ping_status":"open","sticky":false,"template":"","format":"standard","meta":{"_lmt_disableupdate":"","_lmt_disable":"","_jetpack_memberships_contains_paid_content":false,"footnotes":""},"categories":[109,46],"tags":[2743],"class_list":["post-68734","post","type-post","status-publish","format-standard","has-post-thumbnail","hentry","category-minuto-a-minuto","category-zona-blanca","tag-65-legislatura-del-estado-de-oaxaca"],"jetpack_featured_media_url":"https:\/\/zonaroja.com.mx\/wp-content\/uploads\/2024\/05\/Impulsan-programa-de-capacitacion-para-erradicar-la-violencia-de-genero-en-el-Congreso-de-Oaxaca_3.jpeg","jetpack_sharing_enabled":true,"_links":{"self":[{"href":"https:\/\/zonaroja.com.mx\/index.php?rest_route=\/wp\/v2\/posts\/68734","targetHints":{"allow":["GET"]}}],"collection":[{"href":"https:\/\/zonaroja.com.mx\/index.php?rest_route=\/wp\/v2\/posts"}],"about":[{"href":"https:\/\/zonaroja.com.mx\/index.php?rest_route=\/wp\/v2\/types\/post"}],"author":[{"embeddable":true,"href":"https:\/\/zonaroja.com.mx\/index.php?rest_route=\/wp\/v2\/users\/2"}],"replies":[{"embeddable":true,"href":"https:\/\/zonaroja.com.mx\/index.php?rest_route=%2Fwp%2Fv2%2Fcomments&post=68734"}],"version-history":[{"count":1,"href":"https:\/\/zonaroja.com.mx\/index.php?rest_route=\/wp\/v2\/posts\/68734\/revisions"}],"predecessor-version":[{"id":68736,"href":"https:\/\/zonaroja.com.mx\/index.php?rest_route=\/wp\/v2\/posts\/68734\/revisions\/68736"}],"wp:featuredmedia":[{"embeddable":true,"href":"https:\/\/zonaroja.com.mx\/index.php?rest_route=\/wp\/v2\/media\/68735"}],"wp:attachment":[{"href":"https:\/\/zonaroja.com.mx\/index.php?rest_route=%2Fwp%2Fv2%2Fmedia&parent=68734"}],"wp:term":[{"taxonomy":"category","embeddable":true,"href":"https:\/\/zonaroja.com.mx\/index.php?rest_route=%2Fwp%2Fv2%2Fcategories&post=68734"},{"taxonomy":"post_tag","embeddable":true,"href":"https:\/\/zonaroja.com.mx\/index.php?rest_route=%2Fwp%2Fv2%2Ftags&post=68734"}],"curies":[{"name":"wp","href":"https:\/\/api.w.org\/{rel}","templated":true}]}}