{"id":68741,"date":"2024-05-26T06:53:28","date_gmt":"2024-05-26T12:53:28","guid":{"rendered":"https:\/\/zonaroja.com.mx\/?p=68741"},"modified":"2024-05-26T06:53:30","modified_gmt":"2024-05-26T12:53:30","slug":"declara-seccion-22-minimas-insuficientes-respuestas-de-gobierno-refuerza-lucha","status":"publish","type":"post","link":"https:\/\/zonaroja.com.mx\/?p=68741","title":{"rendered":"Declara Secci\u00f3n 22 m\u00ednimas insuficientes respuestas de gobierno; refuerza lucha"},"content":{"rendered":"\n<p>Ismael Garc\u00eda M.\/Zona Roja.<\/p>\n\n\n\n<p>Oaxaca de Ju\u00e1rez, Oax., a 26 de mayo de 2024.- La Secci\u00f3n 22 del Sindicato Nacional de Trabajadores de la Educaci\u00f3n (SNTE) declar\u00f3 como m\u00ednimas e insuficientes las respuestas del gobierno de Oaxaca a su pliego petitorio.<\/p>\n\n\n\n<p>Asimismo, de acuerdo con los resultados en la asamblea plenaria de la gremial, se convino en reforzar el \u201cplant\u00f3n\u201d en el Centro Hist\u00f3rico de la capital, as\u00ed como m\u00e1s movilizaciones, entre ellas bloqueos a la ciudad y al aeropuerto internacional de Oaxaca, adem\u00e1s de seguir promoviendo el boicot electoral.<\/p>\n\n\n\n<p>Las determinaciones de la plenaria segu\u00edan siendo analizadas hasta la madrugada de hoy por parte de la Asamblea Estatal Permanente, que avalar\u00eda todos los acuerdos de la reuni\u00f3n de ayer.<\/p>\n\n\n\n<p>Asimismo, a trav\u00e9s de sus redes sociales, la Secci\u00f3n 22 del SNTE difundi\u00f3 el documento que contiene la tercera respuesta del gobierno que encabeza Salom\u00f3n Jara Cruz al pliego petitorio, entregado el pasado 15 de mayo.<\/p>\n\n\n\n<p>Entre otras acciones, se acord\u00f3 que la consulta a las bases movilizadas para valorar los alcances de la mesa negociaci\u00f3n y la tercera respuesta del pliego petitorio, sea acompa\u00f1ado de un cuadro comparativo con su valoraci\u00f3n pol\u00edtica y a con base a ello, definir el rumbo de la jornada de lucha.<\/p>\n\n\n\n<p>Para el lunes 27 de mayo de 2024 se realizar\u00e1 una ronda de asambleas simultaneas de informaci\u00f3n y consulta a las bases movilizadas, para valorar las respuestas al pliego petitorio y definir el rumbo de la jornada.<\/p>\n\n\n\n<p>Para el martes 28 de mayo se convino en reinstalar la asamblea plenaria y el mismo d\u00eda reanudar la Asamblea Estatal, para tomar las determinaciones, a menos de una semana de las elecciones del 2 de junio.<\/p>\n\n\n\n<p>Cabe recordar que en d\u00edas pasados, a trav\u00e9s de las redes sociales se dio a conocer un texto en que ya se mencionaba las actividades de consulta para los d\u00edas 27 y 28 de mayo y que tras ello, la Asamblea determinar\u00eda realizar un receso, a partir del 29 de junio, de la jornada de lucha, para retornar a las aulas tras las elecciones.<\/p>\n\n\n\n<p>En tanto que este s\u00e1bado y domingo, el \u201cplant\u00f3n\u201d magisterial continu\u00f3 sin mayor contratiempo y no hubo movilizaciones y protestas por parte del magisterio.<\/p>\n","protected":false},"excerpt":{"rendered":"<p>Ismael Garc\u00eda M.\/Zona Roja. Oaxaca de Ju\u00e1rez, Oax., a 26 de mayo de 2024.- La&hellip;<\/p>\n","protected":false},"author":2,"featured_media":68742,"comment_status":"closed","ping_status":"open","sticky":false,"template":"","format":"standard","meta":{"_lmt_disableupdate":"","_lmt_disable":"","_jetpack_memberships_contains_paid_content":false,"footnotes":""},"categories":[109,47],"tags":[312],"class_list":["post-68741","post","type-post","status-publish","format-standard","has-post-thumbnail","hentry","category-minuto-a-minuto","category-zona-gris","tag-seccion-22-del-snte"],"jetpack_featured_media_url":"https:\/\/zonaroja.com.mx\/wp-content\/uploads\/2024\/05\/Tercera-respuesta-al-pliego-petitorio-Seccion-22.jpg","jetpack_sharing_enabled":true,"_links":{"self":[{"href":"https:\/\/zonaroja.com.mx\/index.php?rest_route=\/wp\/v2\/posts\/68741","targetHints":{"allow":["GET"]}}],"collection":[{"href":"https:\/\/zonaroja.com.mx\/index.php?rest_route=\/wp\/v2\/posts"}],"about":[{"href":"https:\/\/zonaroja.com.mx\/index.php?rest_route=\/wp\/v2\/types\/post"}],"author":[{"embeddable":true,"href":"https:\/\/zonaroja.com.mx\/index.php?rest_route=\/wp\/v2\/users\/2"}],"replies":[{"embeddable":true,"href":"https:\/\/zonaroja.com.mx\/index.php?rest_route=%2Fwp%2Fv2%2Fcomments&post=68741"}],"version-history":[{"count":1,"href":"https:\/\/zonaroja.com.mx\/index.php?rest_route=\/wp\/v2\/posts\/68741\/revisions"}],"predecessor-version":[{"id":68743,"href":"https:\/\/zonaroja.com.mx\/index.php?rest_route=\/wp\/v2\/posts\/68741\/revisions\/68743"}],"wp:featuredmedia":[{"embeddable":true,"href":"https:\/\/zonaroja.com.mx\/index.php?rest_route=\/wp\/v2\/media\/68742"}],"wp:attachment":[{"href":"https:\/\/zonaroja.com.mx\/index.php?rest_route=%2Fwp%2Fv2%2Fmedia&parent=68741"}],"wp:term":[{"taxonomy":"category","embeddable":true,"href":"https:\/\/zonaroja.com.mx\/index.php?rest_route=%2Fwp%2Fv2%2Fcategories&post=68741"},{"taxonomy":"post_tag","embeddable":true,"href":"https:\/\/zonaroja.com.mx\/index.php?rest_route=%2Fwp%2Fv2%2Ftags&post=68741"}],"curies":[{"name":"wp","href":"https:\/\/api.w.org\/{rel}","templated":true}]}}