{"id":68746,"date":"2024-05-26T11:30:00","date_gmt":"2024-05-26T17:30:00","guid":{"rendered":"https:\/\/zonaroja.com.mx\/?p=68746"},"modified":"2024-05-26T07:14:37","modified_gmt":"2024-05-26T13:14:37","slug":"matan-a-otros-dos-menores-de-edad-en-mexico-ola-criminal-en-guerrero-chiapas-y-michoacan","status":"publish","type":"post","link":"https:\/\/zonaroja.com.mx\/?p=68746","title":{"rendered":"Matan a otros dos menores de edad en M\u00e9xico; ola criminal en Guerrero, Chiapas y Michoac\u00e1n"},"content":{"rendered":"\n<p>Redacci\u00f3n\/Zona Roja Cdmx.<\/p>\n\n\n\n<p>Ciudad de M\u00e9xico, a 26 de mayo de 2024.- Autoridades de Guanajuato localizaron ayer el cuerpo de un ni\u00f1o peque\u00f1o en un sembrad\u00edo de Le\u00f3n.<\/p>\n\n\n\n<p>Medios locales detallaron que el cad\u00e1ver podr\u00eda tratarse del ni\u00f1o ind\u00edgena Javier Modesto Moreno, de tres a\u00f1os a\u00f1os, quien desapareci\u00f3 hace 10 d\u00edas en dicha ciudad guanajuatense.<\/p>\n\n\n\n<p>En las pr\u00f3ximas horas se realizar\u00e1n pruebas de ADN para confirmar la identidad del cuerpo. Ser\u00e1n agentes de los Servicios de Investigaci\u00f3n Cient\u00edfica y de la Unidad de Identificaci\u00f3n de Personas Fallecidas quienes ser\u00e1n los encargados de la identificaci\u00f3n de los restos.<\/p>\n\n\n\n<p>El ni\u00f1o Javier fue visto por \u00faltima vez en un campo de tomatillo el pasado 15 de mayo, cerca de las comunidades El Jag\u00fcey y La Sand\u00eda, en el l\u00edmite entre los municipios de Le\u00f3n y Romita.<\/p>\n\n\n\n<p>EN HIDALGO<\/p>\n\n\n\n<p>Un intento de asalto en un una tienda de conveniencia en Mineral de la Reforma, Hidalgo, dej\u00f3 un saldo de una adolescente muerta y un polic\u00eda gravemente herido.<\/p>\n\n\n\n<p>Polic\u00edas municipales recibieron la noche del viernes un reporte de robo en un comercio. Al llegar al sitio, fueron recibidos a balazos por sujetos.<\/p>\n\n\n\n<p>Tras la balacera, un agente result\u00f3 herido, por lo que fue trasladado a un hospital de Pachuca para que recibiera atenci\u00f3n m\u00e9dica.<\/p>\n\n\n\n<p>Los presuntos asaltantes lograron escapar para dirigirse a un domicilio ubicado en el circuito Doctor Ra\u00fal Berber Couti\u00f1o, en el Fraccionamiento Cipreses, siendo acorralados en dicho sitio por m\u00e1s agentes policiacos.<\/p>\n\n\n\n<p>Fue entonces cuando los agresores decidieron provocar un incendio en dicha vivienda, lo que provoc\u00f3 la intervenci\u00f3n de bomberos, quienes rescataron a cinco personas.<\/p>\n\n\n\n<p>Las personas que fueron rescatadas de dicho domicilio fueron dos hombres, identificados con&nbsp;las iniciales A.R.V y D.M.L, as\u00ed como tres menores de edad.<\/p>\n\n\n\n<p>EN GUERRERO<\/p>\n\n\n\n<p>El coordinador del PRI-PAN-PRD en Marquelia, Guerrero, Arqu\u00edmedes D\u00edaz Justo, fue asesinado ayer en su domicilio cuando regresaba de un evento pol\u00edtico.<\/p>\n\n\n\n<p>A trav\u00e9s de un comunicado, el Comit\u00e9 Directivo Estatal PRI Guerrero conden\u00f3 el asesinato Arquimides D\u00edaz Justo, a quien calificaron como un compa\u00f1ero combativo de la Costa Chica, exregidor de Marquelia y quien fung\u00eda como Coordinador de la Estructura Electoral de la Coalici\u00f3n Fuerza y Coraz\u00f3n por M\u00e9xico en el distrito 15 y en el municipio de Marquelia.<\/p>\n\n\n\n<p>EN CHIAPAS<\/p>\n\n\n\n<p>La Fiscal\u00eda de Chiapas inform\u00f3 este s\u00e1bado que sujetos asesinaron a balazos en su casa al l\u00edder morenista Manuel P\u00e9rez S\u00e1nchez, ataque en el que tambi\u00e9n resultaron lesionadas otras cuatro personas.<\/p>\n\n\n\n<p>En un comunicado, la autoridad de Chiapas detall\u00f3 que esta hecho ocurri\u00f3 en el Ejido La Constituci\u00f3n, municipio de Simojovel.<\/p>\n\n\n\n<p>Al interior de un domicilio se localiz\u00f3 el cuerpo de una persona sin vida quien respond\u00eda al nombre de Manuel \u2018N\u2019, as\u00ed como cuatro personas m\u00e1s lesionadas\u201d, apunt\u00f3 en el bolet\u00edn de prensa.<\/p>\n\n\n\n<p>De acuerdo al reporte,&nbsp; la madrugada de este s\u00e1bado un grupo de personas con armas de fuego&nbsp; irrumpieron en el domicilio de la v\u00edctima para privarlo de la vida. En la agresi\u00f3n tambi\u00e9n resultaron lesionadas cuatro personas m\u00e1s, quienes fueron trasladadas a un hospital para su atenci\u00f3n m\u00e9dica.<\/p>\n\n\n\n<p>EN EDOMEX<\/p>\n\n\n\n<p>Dos elementos de la polic\u00eda municipal de Tlalnepantla, en el Estado de M\u00e9xico, fueron asesinados a balazos.<\/p>\n\n\n\n<p>Los agentes fueron ultimados la madrugada de este s\u00e1bado sobre la carretera Lago de Guadalupe, en la colonia Providencia.<\/p>\n\n\n\n<p>\u201cEl Gobierno de Tlalnepantla y todos los que trabajamos en el, expresamos nuestro m\u00e1s sentido p\u00e9same a los compa\u00f1eros polic\u00edas que la madrugada de este s\u00e1bado fueron asesinados durante el cumplimiento de su deber y condenamos de manera en\u00e9rgica tan lamentables hechos\u201d, apuntaron autoridades municipales en un comunicado.<\/p>\n\n\n\n<p>(Con informaci\u00f3n de L\u00f3pez-D\u00f3riga Digital)<\/p>\n","protected":false},"excerpt":{"rendered":"<p>Redacci\u00f3n\/Zona Roja Cdmx. Ciudad de M\u00e9xico, a 26 de mayo de 2024.- Autoridades de Guanajuato&hellip;<\/p>\n","protected":false},"author":2,"featured_media":68050,"comment_status":"closed","ping_status":"open","sticky":false,"template":"","format":"standard","meta":{"_lmt_disableupdate":"","_lmt_disable":"","_jetpack_memberships_contains_paid_content":false,"footnotes":""},"categories":[109,51],"tags":[1746],"class_list":["post-68746","post","type-post","status-publish","format-standard","has-post-thumbnail","hentry","category-minuto-a-minuto","category-zona-roja","tag-violencia-en-mexico"],"jetpack_featured_media_url":"https:\/\/zonaroja.com.mx\/wp-content\/uploads\/2024\/05\/Escena-asesinato-crimen.jpg","jetpack_sharing_enabled":true,"_links":{"self":[{"href":"https:\/\/zonaroja.com.mx\/index.php?rest_route=\/wp\/v2\/posts\/68746","targetHints":{"allow":["GET"]}}],"collection":[{"href":"https:\/\/zonaroja.com.mx\/index.php?rest_route=\/wp\/v2\/posts"}],"about":[{"href":"https:\/\/zonaroja.com.mx\/index.php?rest_route=\/wp\/v2\/types\/post"}],"author":[{"embeddable":true,"href":"https:\/\/zonaroja.com.mx\/index.php?rest_route=\/wp\/v2\/users\/2"}],"replies":[{"embeddable":true,"href":"https:\/\/zonaroja.com.mx\/index.php?rest_route=%2Fwp%2Fv2%2Fcomments&post=68746"}],"version-history":[{"count":1,"href":"https:\/\/zonaroja.com.mx\/index.php?rest_route=\/wp\/v2\/posts\/68746\/revisions"}],"predecessor-version":[{"id":68747,"href":"https:\/\/zonaroja.com.mx\/index.php?rest_route=\/wp\/v2\/posts\/68746\/revisions\/68747"}],"wp:featuredmedia":[{"embeddable":true,"href":"https:\/\/zonaroja.com.mx\/index.php?rest_route=\/wp\/v2\/media\/68050"}],"wp:attachment":[{"href":"https:\/\/zonaroja.com.mx\/index.php?rest_route=%2Fwp%2Fv2%2Fmedia&parent=68746"}],"wp:term":[{"taxonomy":"category","embeddable":true,"href":"https:\/\/zonaroja.com.mx\/index.php?rest_route=%2Fwp%2Fv2%2Fcategories&post=68746"},{"taxonomy":"post_tag","embeddable":true,"href":"https:\/\/zonaroja.com.mx\/index.php?rest_route=%2Fwp%2Fv2%2Ftags&post=68746"}],"curies":[{"name":"wp","href":"https:\/\/api.w.org\/{rel}","templated":true}]}}