{"id":68748,"date":"2024-05-26T11:14:00","date_gmt":"2024-05-26T17:14:00","guid":{"rendered":"https:\/\/zonaroja.com.mx\/?p=68748"},"modified":"2024-05-26T07:20:43","modified_gmt":"2024-05-26T13:20:43","slug":"pide-david-aguilar-a-oaxaquenos-no-dejarse-intimidar-ante-amenazas","status":"publish","type":"post","link":"https:\/\/zonaroja.com.mx\/?p=68748","title":{"rendered":"Pide David Aguilar a oaxaque\u00f1os no dejarse intimidar ante amenazas"},"content":{"rendered":"\n<p>Redacci\u00f3n\/Zona Roja.<\/p>\n\n\n\n<p>Oaxaca de Ju\u00e1rez, Oax., a 26 de mayo de 2024.- Los programas sociales se mantendr\u00e1n en favor de los grupos vulnerables, reiter\u00f3 durante su recorrido por el distrito federal 08, el candidato de \u201cFuerza y Coraz\u00f3n por M\u00e9xico\u201d, David Aguilar Hern\u00e1ndez, al palpar &nbsp;el miedo que aspirantes y promotores del voto del gobierno morenista le han introducido a la ciudadan\u00eda.&nbsp;<\/p>\n\n\n\n<p>El abandero del PRI, PAN y PRD a la diputaci\u00f3n federal fue testigo del sentir &nbsp;de hombres y mujeres, quienes refieren que un beneficio del gobierno, no es motivo de presi\u00f3n emocional, toda vez que el recurso de estos programas son de todas y todos los mexicanos.<\/p>\n\n\n\n<p>Al respecto, David Aguilar sentenci\u00f3 que los programas sociales no son exclusivos de los gobiernos, adem\u00e1s de que ning\u00fan partido pol\u00edtico tiene las facultades de quitar los beneficios, por lo que pidi\u00f3 a la ciudadan\u00eda no dejarse intimidar &nbsp;y votar libremente el pr\u00f3ximo 2 de junio.&nbsp;<\/p>\n\n\n\n<p>Agreg\u00f3 que desde la C\u00e1mara de Diputados gestionar\u00e1 mayor impulso para los programas sociales y su distribuci\u00f3n ser\u00e1 justa y siempre en beneficio de los m\u00e1s necesitados.&nbsp;<\/p>\n\n\n\n<p>LA DENUNCIA<\/p>\n\n\n\n<p>Durante su gira por el distrito de Etla, David Aguilar, fue interceptado por una adulta mayor, &nbsp;quien se\u00f1al\u00f3 que el apoyo que ella recibe del gobierno federal, no significa que est\u00e9 de acuerdo con los resultados, ya que se siente lastimada al ver como ni\u00f1os con c\u00e1ncer sufren por falta de medicamentos, a ello se suma la inseguridad que se percibe en el pa\u00eds.<\/p>\n\n\n\n<p>La conversaci\u00f3n entre David Aguilar y la se\u00f1ora oriunda del valle eteco se viraliz\u00f3 en las redes sociales, por la manera en que expres\u00f3 su sentir y el des\u00e1nimo de no ver legisladores federales comprometidos con el bienestar de Oaxaca.&nbsp;<\/p>\n\n\n\n<p>\u201cMe sirve much\u00edsimo mi ayuda, no lo voy a negar, pero si de ese dinero depende que los ni\u00f1os con c\u00e1ncer tengan su medicamento, que me lo quiten, tengo 81 a\u00f1os, no me voy a quedar sin comer porque el se\u00f1or (Presidente AMLO) no me de la ayuda\u201d, dijo.<\/p>\n\n\n\n<figure class=\"wp-block-embed is-type-rich is-provider-twitter wp-block-embed-twitter\"><div class=\"wp-block-embed__wrapper\">\n<div class=\"twitter-tweet\"><blockquote class=\"twitter-tweet\" data-lang=\"es\"><p lang=\"es\" dir=\"ltr\">La se\u00f1ora Sara es una de tantas personas que est\u00e1n hartas de las amenazas de morena, dejen de aprovecharse y jugar con las necesidades de la sociedad. <a href=\"https:\/\/t.co\/QX0EcMH890\">https:\/\/t.co\/QX0EcMH890<\/a><\/p>&mdash; David Aguilar Hern\u00e1ndez (@DavidAguilarHe_) <a href=\"https:\/\/twitter.com\/DavidAguilarHe_\/status\/1793835541684994426?ref_src=twsrc%5Etfw\">24 de mayo de 2024<\/a><\/blockquote><\/div>\n<\/div><\/figure>\n","protected":false},"excerpt":{"rendered":"<p>Redacci\u00f3n\/Zona Roja. Oaxaca de Ju\u00e1rez, Oax., a 26 de mayo de 2024.- Los programas sociales&hellip;<\/p>\n","protected":false},"author":2,"featured_media":68749,"comment_status":"closed","ping_status":"open","sticky":false,"template":"","format":"standard","meta":{"_lmt_disableupdate":"","_lmt_disable":"","_jetpack_memberships_contains_paid_content":false,"footnotes":""},"categories":[109,46],"tags":[3934],"class_list":["post-68748","post","type-post","status-publish","format-standard","has-post-thumbnail","hentry","category-minuto-a-minuto","category-zona-blanca","tag-david-aguilar-hernandez"],"jetpack_featured_media_url":"https:\/\/zonaroja.com.mx\/wp-content\/uploads\/2024\/05\/David-Aguilar-Hernandez-2.jpeg","jetpack_sharing_enabled":true,"_links":{"self":[{"href":"https:\/\/zonaroja.com.mx\/index.php?rest_route=\/wp\/v2\/posts\/68748","targetHints":{"allow":["GET"]}}],"collection":[{"href":"https:\/\/zonaroja.com.mx\/index.php?rest_route=\/wp\/v2\/posts"}],"about":[{"href":"https:\/\/zonaroja.com.mx\/index.php?rest_route=\/wp\/v2\/types\/post"}],"author":[{"embeddable":true,"href":"https:\/\/zonaroja.com.mx\/index.php?rest_route=\/wp\/v2\/users\/2"}],"replies":[{"embeddable":true,"href":"https:\/\/zonaroja.com.mx\/index.php?rest_route=%2Fwp%2Fv2%2Fcomments&post=68748"}],"version-history":[{"count":1,"href":"https:\/\/zonaroja.com.mx\/index.php?rest_route=\/wp\/v2\/posts\/68748\/revisions"}],"predecessor-version":[{"id":68750,"href":"https:\/\/zonaroja.com.mx\/index.php?rest_route=\/wp\/v2\/posts\/68748\/revisions\/68750"}],"wp:featuredmedia":[{"embeddable":true,"href":"https:\/\/zonaroja.com.mx\/index.php?rest_route=\/wp\/v2\/media\/68749"}],"wp:attachment":[{"href":"https:\/\/zonaroja.com.mx\/index.php?rest_route=%2Fwp%2Fv2%2Fmedia&parent=68748"}],"wp:term":[{"taxonomy":"category","embeddable":true,"href":"https:\/\/zonaroja.com.mx\/index.php?rest_route=%2Fwp%2Fv2%2Fcategories&post=68748"},{"taxonomy":"post_tag","embeddable":true,"href":"https:\/\/zonaroja.com.mx\/index.php?rest_route=%2Fwp%2Fv2%2Ftags&post=68748"}],"curies":[{"name":"wp","href":"https:\/\/api.w.org\/{rel}","templated":true}]}}