{"id":68768,"date":"2024-05-27T07:22:35","date_gmt":"2024-05-27T13:22:35","guid":{"rendered":"https:\/\/zonaroja.com.mx\/?p=68768"},"modified":"2024-05-27T07:22:37","modified_gmt":"2024-05-27T13:22:37","slug":"con-multitudinario-acto-el-cierre-de-campana-en-santa-lucia-del-camino","status":"publish","type":"post","link":"https:\/\/zonaroja.com.mx\/?p=68768","title":{"rendered":"Con multitudinario acto, el cierre de campa\u00f1a en Santa Luc\u00eda del Camino"},"content":{"rendered":"\n<p>Redacci\u00f3n\/Zona Roja.<\/p>\n\n\n\n<p>Oaxaca de Ju\u00e1rez, Oax., a 27 de mayo de 2024.- M\u00e1s de 10 mil personas participaron la tarde de este domingo en el cierre de campa\u00f1a de Juan Carlos Garc\u00eda M\u00e1rquez, candidato a presidente municipal de Santa Luc\u00eda del Camino.<\/p>\n\n\n\n<p>Una aut\u00e9ntica fiesta se vivi\u00f3 en la avenida L\u00e1zaro C\u00e1rdenas, a la altura de la cabecera municipal, en que participaron las y los integrantes de su plantilla, as\u00ed como de su esposa Bety Santos y candidatas y candidatos morenistas, entre ellos la aspirante a la diputaci\u00f3n local por el distrito X12, Daniela Taurino.<\/p>\n\n\n\n<p>En la campa\u00f1a, el candidato de Morena visit\u00f3 cada colonia, agencia y sector de Santa Luc\u00eda del Camino para compartir de nueva cuenta el mensaje de la Cuarta Transformaci\u00f3n; el segundo piso traer\u00e1 al municipio m\u00e1s bienestar, seguridad, paz y desarrollo, as\u00ed lo dej\u00f3 claro Garc\u00eda M\u00e1rquez en cada uno de sus recorridos.<\/p>\n\n\n\n<p>\u201cEste 2 de junio se har\u00e1 valer la voluntad del pueblo\u201d, manifest\u00f3 Juan Carlos Garc\u00eda M\u00e1rquez quien asegur\u00f3 que su gobierno ser\u00e1 en beneficio de todas y todos los ciudadanos de Santa Luc\u00eda del Camino, como qued\u00f3 demostrado en su trabajo de 2 a\u00f1os y 4 meses, donde realiz\u00f3 obras como nunca antes se hab\u00edan hecho, escuch\u00f3 y dio soluci\u00f3n a las demandas que estuvieron en el olvido por muchos a\u00f1os.<\/p>\n\n\n\n<p>\u201cNosotros gobernamos con seriedad y vamos a trabajar como lo hemos demostrado en mi administraci\u00f3n pasada, vamos por m\u00e1s seguridad, porque somos el municipio con la mayor inversi\u00f3n en seguridad\u201d y en el proyecto de continuidad no habr\u00e1 prueba y error, porque ya se sabe lo que se tiene que hacer, reiter\u00f3 el candidato de Morena.<\/p>\n\n\n\n<p>Finalmente, Garc\u00eda M\u00e1rquez record\u00f3 que este 2 de junio la ciudadan\u00eda tendr\u00e1 5 boletas en las urnas, en donde Morena tiene a las mejores opciones en cada una de ellas, todos encabezados por la doctora Claudia Sheinbaum Pardo, quien no dud\u00f3 ser\u00e1 la primera mujer presidenta de M\u00e9xico, porque el pueblo es quien ya lo decidi\u00f3 as\u00ed.<\/p>\n\n\n\n<figure class=\"wp-block-embed is-type-rich is-provider-twitter wp-block-embed-twitter\"><div class=\"wp-block-embed__wrapper\">\n<div class=\"twitter-tweet\"><blockquote class=\"twitter-tweet\" data-lang=\"es\"><p lang=\"zxx\" dir=\"ltr\"><a href=\"https:\/\/t.co\/qt68znrcfG\">pic.twitter.com\/qt68znrcfG<\/a><\/p>&mdash; Juan Carlos Garc\u00eda M\u00e1rquez (@JC_GMarquez) <a href=\"https:\/\/twitter.com\/JC_GMarquez\/status\/1794920780679303179?ref_src=twsrc%5Etfw\">27 de mayo de 2024<\/a><\/blockquote><\/div>\n<\/div><\/figure>\n","protected":false},"excerpt":{"rendered":"<p>Redacci\u00f3n\/Zona Roja. Oaxaca de Ju\u00e1rez, Oax., a 27 de mayo de 2024.- M\u00e1s de 10&hellip;<\/p>\n","protected":false},"author":2,"featured_media":68769,"comment_status":"closed","ping_status":"open","sticky":false,"template":"","format":"standard","meta":{"_lmt_disableupdate":"","_lmt_disable":"","_jetpack_memberships_contains_paid_content":false,"footnotes":""},"categories":[109,46],"tags":[2533],"class_list":["post-68768","post","type-post","status-publish","format-standard","has-post-thumbnail","hentry","category-minuto-a-minuto","category-zona-blanca","tag-juan-carlos-garcia-marquez"],"jetpack_featured_media_url":"https:\/\/zonaroja.com.mx\/wp-content\/uploads\/2024\/05\/Juan-Carlos-Garcia-Marquez-cierre-campana.jpeg","jetpack_sharing_enabled":true,"_links":{"self":[{"href":"https:\/\/zonaroja.com.mx\/index.php?rest_route=\/wp\/v2\/posts\/68768","targetHints":{"allow":["GET"]}}],"collection":[{"href":"https:\/\/zonaroja.com.mx\/index.php?rest_route=\/wp\/v2\/posts"}],"about":[{"href":"https:\/\/zonaroja.com.mx\/index.php?rest_route=\/wp\/v2\/types\/post"}],"author":[{"embeddable":true,"href":"https:\/\/zonaroja.com.mx\/index.php?rest_route=\/wp\/v2\/users\/2"}],"replies":[{"embeddable":true,"href":"https:\/\/zonaroja.com.mx\/index.php?rest_route=%2Fwp%2Fv2%2Fcomments&post=68768"}],"version-history":[{"count":1,"href":"https:\/\/zonaroja.com.mx\/index.php?rest_route=\/wp\/v2\/posts\/68768\/revisions"}],"predecessor-version":[{"id":68770,"href":"https:\/\/zonaroja.com.mx\/index.php?rest_route=\/wp\/v2\/posts\/68768\/revisions\/68770"}],"wp:featuredmedia":[{"embeddable":true,"href":"https:\/\/zonaroja.com.mx\/index.php?rest_route=\/wp\/v2\/media\/68769"}],"wp:attachment":[{"href":"https:\/\/zonaroja.com.mx\/index.php?rest_route=%2Fwp%2Fv2%2Fmedia&parent=68768"}],"wp:term":[{"taxonomy":"category","embeddable":true,"href":"https:\/\/zonaroja.com.mx\/index.php?rest_route=%2Fwp%2Fv2%2Fcategories&post=68768"},{"taxonomy":"post_tag","embeddable":true,"href":"https:\/\/zonaroja.com.mx\/index.php?rest_route=%2Fwp%2Fv2%2Ftags&post=68768"}],"curies":[{"name":"wp","href":"https:\/\/api.w.org\/{rel}","templated":true}]}}