{"id":68771,"date":"2024-05-27T08:22:00","date_gmt":"2024-05-27T14:22:00","guid":{"rendered":"https:\/\/zonaroja.com.mx\/?p=68771"},"modified":"2024-05-27T07:25:25","modified_gmt":"2024-05-27T13:25:25","slug":"otra-vez-tabasco-ahora-matan-a-dos-menores-violencia-politica-en-guerrero","status":"publish","type":"post","link":"https:\/\/zonaroja.com.mx\/?p=68771","title":{"rendered":"Otra vez Tabasco: ahora matan a dos menores; violencia pol\u00edtica en Guerrero"},"content":{"rendered":"\n<p>Redacci\u00f3n\/Zona Roja Cdmx. Foto: Ilustrativa.<\/p>\n\n\n\n<p>Ciudad de M\u00e9xico, a 27 de mayo de 2024.- El asesinato de menores de edad va en incremento en Tabasco, tierra del Presidente Andr\u00e9s Manuel L\u00f3pez Obrador.<\/p>\n\n\n\n<p>Al crimen de Emiliano, de 12 a\u00f1os, a quien presuntamente quer\u00edan plagiar, se sum\u00f3 la ejecuci\u00f3n, el s\u00e1bado por la noche de dos hermanos, Darwin \u201cN\u201d, de siete a\u00f1os de edad, y Misael \u201cN\u201d, de 17 a\u00f1os.<\/p>\n\n\n\n<p>Fueron ultimados en el interior de su domicilio, en el ejido Francisco Trujillo, del municipio de C\u00e1rdenas, donde adem\u00e1s les dejaron un \u201cnarcomensaje\u201d: \u00abEsto me pas\u00f3 por andar robando motos, se abren o as\u00ed acabar\u00e1n ya saben qui\u00e9n manda aqu\u00ed\u00bb.<\/p>\n\n\n\n<p>Los cuerpos fueron levantados por la Fiscal\u00eda General del Estado de Tabasco y hasta el momento no hay versi\u00f3n oficial del m\u00f3vil.<\/p>\n\n\n\n<p>Este doble homicidio se suma a lo ocurrido el 21 de mayo en la colonia Le\u00f3n del municipio de Para\u00edso, donde un ni\u00f1o de entre 11 y 12 de a\u00f1os de edad, identificado como Dante Emiliano, fue asesinado con un arma de fuego.<\/p>\n\n\n\n<p>EN GUERRERO<\/p>\n\n\n\n<p>Por otra parte, la tarde de ayer fue asesinado en la cabecera municipal de Cochoapa el Grande, Felipe Ch\u00e1vez Gonz\u00e1lez, coordinador de campa\u00f1a del candidato de Morena a la alcald\u00eda, Albino G\u00f3mez V\u00e1zquez, quien se encuentra desaparecido.<\/p>\n\n\n\n<p>En los primeros reportes, se inform\u00f3 que, sujetos armados atacaron el domicilio de G\u00f3mez V\u00e1zquez, candidato de Morena a la alcald\u00eda, provocando la muerte de Ch\u00e1vez Gonz\u00e1lez, y dejando al menos dos heridos.<\/p>\n\n\n\n<p>Seg\u00fan confirmaron, dirigentes de Morena en la regi\u00f3n de la Monta\u00f1a, el ataque se llev\u00f3 a cabo este domingo por la tarde, en el domicilio de Albino G\u00f3mez.<\/p>\n\n\n\n<p>En tanto, en las redes sociales, Norma Otilia Hern\u00e1ndez Mart\u00ednez, alcaldesa de Chilpancingo, confirm\u00f3 la privaci\u00f3n de la libertad de G\u00f3mez V\u00e1zquez \u201chace unos momentos me hicieron saber que privaron de la libertad a nuestro compa\u00f1ero de lucha Albino G\u00f3mez\u201d.<\/p>\n\n\n\n<p>(Con informaci\u00f3n de \u201cLa Jornada\u201d)<\/p>\n","protected":false},"excerpt":{"rendered":"<p>Redacci\u00f3n\/Zona Roja Cdmx. Foto: Ilustrativa. Ciudad de M\u00e9xico, a 27 de mayo de 2024.- El&hellip;<\/p>\n","protected":false},"author":2,"featured_media":68772,"comment_status":"closed","ping_status":"open","sticky":false,"template":"","format":"standard","meta":{"_lmt_disableupdate":"","_lmt_disable":"","_jetpack_memberships_contains_paid_content":false,"footnotes":""},"categories":[109,51],"tags":[3947],"class_list":["post-68771","post","type-post","status-publish","format-standard","has-post-thumbnail","hentry","category-minuto-a-minuto","category-zona-roja","tag-emiliano-tabasco"],"jetpack_featured_media_url":"https:\/\/zonaroja.com.mx\/wp-content\/uploads\/2024\/05\/Matan-a-menor-de-edad.jpeg","jetpack_sharing_enabled":true,"_links":{"self":[{"href":"https:\/\/zonaroja.com.mx\/index.php?rest_route=\/wp\/v2\/posts\/68771","targetHints":{"allow":["GET"]}}],"collection":[{"href":"https:\/\/zonaroja.com.mx\/index.php?rest_route=\/wp\/v2\/posts"}],"about":[{"href":"https:\/\/zonaroja.com.mx\/index.php?rest_route=\/wp\/v2\/types\/post"}],"author":[{"embeddable":true,"href":"https:\/\/zonaroja.com.mx\/index.php?rest_route=\/wp\/v2\/users\/2"}],"replies":[{"embeddable":true,"href":"https:\/\/zonaroja.com.mx\/index.php?rest_route=%2Fwp%2Fv2%2Fcomments&post=68771"}],"version-history":[{"count":1,"href":"https:\/\/zonaroja.com.mx\/index.php?rest_route=\/wp\/v2\/posts\/68771\/revisions"}],"predecessor-version":[{"id":68773,"href":"https:\/\/zonaroja.com.mx\/index.php?rest_route=\/wp\/v2\/posts\/68771\/revisions\/68773"}],"wp:featuredmedia":[{"embeddable":true,"href":"https:\/\/zonaroja.com.mx\/index.php?rest_route=\/wp\/v2\/media\/68772"}],"wp:attachment":[{"href":"https:\/\/zonaroja.com.mx\/index.php?rest_route=%2Fwp%2Fv2%2Fmedia&parent=68771"}],"wp:term":[{"taxonomy":"category","embeddable":true,"href":"https:\/\/zonaroja.com.mx\/index.php?rest_route=%2Fwp%2Fv2%2Fcategories&post=68771"},{"taxonomy":"post_tag","embeddable":true,"href":"https:\/\/zonaroja.com.mx\/index.php?rest_route=%2Fwp%2Fv2%2Ftags&post=68771"}],"curies":[{"name":"wp","href":"https:\/\/api.w.org\/{rel}","templated":true}]}}