{"id":68774,"date":"2024-05-27T09:25:00","date_gmt":"2024-05-27T15:25:00","guid":{"rendered":"https:\/\/zonaroja.com.mx\/?p=68774"},"modified":"2024-05-27T07:39:25","modified_gmt":"2024-05-27T13:39:25","slug":"salir-a-votar-sin-miedo-y-con-responsabilidad-llama-arzobispo-de-oaxaca","status":"publish","type":"post","link":"https:\/\/zonaroja.com.mx\/?p=68774","title":{"rendered":"Salir a votar sin miedo y con responsabilidad, llama Arzobispo de Oaxaca"},"content":{"rendered":"\n<p>Raymundo Morales\/Zona Roja.<\/p>\n\n\n\n<p>Oaxaca de Ju\u00e1rez, Oax., a 27 de mayo de 2024.- \u201cOjal\u00e1 y esta jornada electoral sea pac\u00edfica, sea como debe de ser, con respeto, con conciencia, con responsabilidad y no tengamos miedo, no tengamos miedo, porque tambi\u00e9n ah\u00ed nos andan como sembrando miedo: \u2018no vayas a la urna porque sabr\u00e1 Dios qui\u00e9n andar\u00e1 por ah\u00ed, armado\u2019.<\/p>\n\n\n\n<p>Este domingo, el Arzobispo de Antequera Oaxaca, Pedro V\u00e1zquez Villalobos, llam\u00f3 a salir a votar el pr\u00f3ximo 2 de junio por las y los candidatos de su preferencia.<\/p>\n\n\n\n<p>\u201cNo se les vaya a olvidar lo que tenemos que hacer el pr\u00f3ximo domingo, no se les vaya a olvidar,&nbsp;no me diga: yo no voy a ir. No, vaya, vaya a donde usted tiene que ir a emitir su voto, vaya.&nbsp;<\/p>\n\n\n\n<p>\u201cY usted sabr\u00e1 por qui\u00e9n va a votar, porque ya reflexion\u00f3 bien su voto y usted lo va a emitir con toda libertad y con toda conciencia. Cruce ah\u00ed el nombre o el escudito, yo no s\u00e9 c\u00f3mo van a venir las boletas, cruce ah\u00ed lo que tiene que cruzar, pero acuda\u201d, dijo desde la Catedral metropolitana.&nbsp;<\/p>\n\n\n\n<p>Luego reproch\u00f3 que la pasada elecci\u00f3n, alrededor del 62 por ciento de oaxaque\u00f1os no acudi\u00f3 a las urnas, sin embargo, despu\u00e9s se quejan de las autoridades que eligieron.<\/p>\n\n\n\n<p>\u201c\u00bfUsted fue a elegir? \u00bfusted vot\u00f3? Tiene derecho a exigir que cumplan\u201d, pero si no, \u201c\u00bfpor qu\u00e9, si no fue a elegir? La mayor\u00eda de los oaxaque\u00f1os, en las elecciones pasadas, no fue a elegir\u201d.<\/p>\n\n\n\n<p>V\u00e1zquez Villalobos llam\u00f3 a que nadie con derecho a voto, con credencial de elector, se quede en casa, sino que debe acudir a las urnas, pero adem\u00e1s, pidi\u00f3 respeto a los sufragios.<\/p>\n\n\n\n<p>\u201cPido respeto para los votos que est\u00e9n ah\u00ed, respeto, pido que no exijan a los votantes o les digan por qui\u00e9n tienen qu\u00e9 votar, d\u00e9jenlos en libertad, partidos pol\u00edticos, dejen en libertad a todos los ciudadanos; ya presentaron sus proyectos, ya hablaron, ya dijeron, ah\u00ed est\u00e1, que el ciudadano decida.<\/p>\n\n\n\n<p>\u00abY por favor, por qu\u00e9 nos vamos a pelear, por qu\u00e9 nos vamos a pelear, si la ciudadan\u00eda elige a alguien, respetemos, por qu\u00e9 vamos a pelear y por qu\u00e9 los ganadores se van a burlar de los perdedores, \u00bfpor qu\u00e9? Si nos vamos a seguir encontrando, t\u00fa y yo, y cada vez que&nbsp;te encuentre\u201d.<\/p>\n\n\n\n<p>Expuso que no hay raz\u00f3n para enfrentarse por asuntos pol\u00edticos, sino al contrario procurar la paz y el respeto, pues muchas veces deriva en conflictos familiares. Y para no ser tergiversado en sus opiniones, precis\u00f3:<\/p>\n\n\n\n<p>\u201cS\u00e9 que me est\u00e1n grabando, siempre me graban, siempre; no he dicho nada fuera de su lugar y espero que no vayan a decirme que yo me fui por un lado y empec\u00e9 a apoyar a fulano, a mengano o a perengano.&nbsp;<\/p>\n\n\n\n<p>\u201cNo me fui por ning\u00fan lado, me fui derechito, s\u00f3lo para decirles: esto es lo que tenemos qu\u00e9 hacer, hag\u00e1moslo y punto, ya si me cuelgan milagrito pues ah\u00ed me defienden, pero ah\u00ed est\u00e1n las grabaciones, lo que yo dije, punto y ya. Si usted lo entendi\u00f3 as\u00ed o lo entendi\u00f3 as\u00e1 ese es su asunto, yo le dije: a la urna a votar, por el que usted quiera, punto, por el que usted quiera\u201d.<\/p>\n\n\n\n<figure class=\"wp-block-embed is-type-rich is-provider-twitter wp-block-embed-twitter\"><div class=\"wp-block-embed__wrapper\">\n<div class=\"twitter-tweet\"><blockquote class=\"twitter-tweet\" data-lang=\"es\"><p lang=\"es\" dir=\"ltr\">En su homil\u00eda, el Arzobispo de Antequera <a href=\"https:\/\/twitter.com\/hashtag\/Oaxaca?src=hash&amp;ref_src=twsrc%5Etfw\">#Oaxaca<\/a>, Pedro V\u00e1zquez Villalobos, llam\u00f3 a acudir a las urnas el pr\u00f3ximo 2 de junio. <br>Y precis\u00f3 que el exhorto lo hace sin ning\u00fan sesgo, para evitar malas interpretaciones. <br>Escuche su mensaje desde la Catedral: <a href=\"https:\/\/t.co\/jO27WwaS97\">pic.twitter.com\/jO27WwaS97<\/a><\/p>&mdash; Zona Roja Oaxaca (@ZonaRoja_Oaxaca) <a href=\"https:\/\/twitter.com\/ZonaRoja_Oaxaca\/status\/1794898320344936791?ref_src=twsrc%5Etfw\">27 de mayo de 2024<\/a><\/blockquote><\/div>\n<\/div><\/figure>\n","protected":false},"excerpt":{"rendered":"<p>Raymundo Morales\/Zona Roja. Oaxaca de Ju\u00e1rez, Oax., a 27 de mayo de 2024.- \u201cOjal\u00e1 y&hellip;<\/p>\n","protected":false},"author":2,"featured_media":68775,"comment_status":"closed","ping_status":"open","sticky":false,"template":"","format":"standard","meta":{"_lmt_disableupdate":"","_lmt_disable":"","_jetpack_memberships_contains_paid_content":false,"footnotes":""},"categories":[109,46],"tags":[2219],"class_list":["post-68774","post","type-post","status-publish","format-standard","has-post-thumbnail","hentry","category-minuto-a-minuto","category-zona-blanca","tag-arzobispo-pedro-vazquez-villalobos"],"jetpack_featured_media_url":"https:\/\/zonaroja.com.mx\/wp-content\/uploads\/2024\/05\/Arzobispo-de-Oaxaca-Pedro-Vasquez.jpg","jetpack_sharing_enabled":true,"_links":{"self":[{"href":"https:\/\/zonaroja.com.mx\/index.php?rest_route=\/wp\/v2\/posts\/68774","targetHints":{"allow":["GET"]}}],"collection":[{"href":"https:\/\/zonaroja.com.mx\/index.php?rest_route=\/wp\/v2\/posts"}],"about":[{"href":"https:\/\/zonaroja.com.mx\/index.php?rest_route=\/wp\/v2\/types\/post"}],"author":[{"embeddable":true,"href":"https:\/\/zonaroja.com.mx\/index.php?rest_route=\/wp\/v2\/users\/2"}],"replies":[{"embeddable":true,"href":"https:\/\/zonaroja.com.mx\/index.php?rest_route=%2Fwp%2Fv2%2Fcomments&post=68774"}],"version-history":[{"count":1,"href":"https:\/\/zonaroja.com.mx\/index.php?rest_route=\/wp\/v2\/posts\/68774\/revisions"}],"predecessor-version":[{"id":68776,"href":"https:\/\/zonaroja.com.mx\/index.php?rest_route=\/wp\/v2\/posts\/68774\/revisions\/68776"}],"wp:featuredmedia":[{"embeddable":true,"href":"https:\/\/zonaroja.com.mx\/index.php?rest_route=\/wp\/v2\/media\/68775"}],"wp:attachment":[{"href":"https:\/\/zonaroja.com.mx\/index.php?rest_route=%2Fwp%2Fv2%2Fmedia&parent=68774"}],"wp:term":[{"taxonomy":"category","embeddable":true,"href":"https:\/\/zonaroja.com.mx\/index.php?rest_route=%2Fwp%2Fv2%2Fcategories&post=68774"},{"taxonomy":"post_tag","embeddable":true,"href":"https:\/\/zonaroja.com.mx\/index.php?rest_route=%2Fwp%2Fv2%2Ftags&post=68774"}],"curies":[{"name":"wp","href":"https:\/\/api.w.org\/{rel}","templated":true}]}}