{"id":68783,"date":"2024-05-27T12:54:00","date_gmt":"2024-05-27T18:54:00","guid":{"rendered":"https:\/\/zonaroja.com.mx\/?p=68783"},"modified":"2024-05-27T07:54:50","modified_gmt":"2024-05-27T13:54:50","slug":"condena-la-cidh-violencia-en-el-proceso-electoral-de-mexico","status":"publish","type":"post","link":"https:\/\/zonaroja.com.mx\/?p=68783","title":{"rendered":"Condena la CIDH violencia en el proceso electoral de M\u00e9xico"},"content":{"rendered":"\n<p>Redacci\u00f3n\/Zona Roja Cdmx.<\/p>\n\n\n\n<p>Ciudad de M\u00e9xico, a 27 de mayo de 2024.- La Comisi\u00f3n Interamericana de Derechos Humanos (CIDH) conden\u00f3 los hechos de violencia contra personas candidatas en el actual proceso electoral en M\u00e9xico, y llam\u00f3 al Estado a reforzar las acciones preventivas para garantizar comicios pac\u00edficos.<\/p>\n\n\n\n<p>En un pronunciamiento, destac\u00f3 que ha tomado nota de informaci\u00f3n p\u00fablica que indica que entre el 4 de junio de 2023 y el 7 de febrero de 2024, 33 personas con intenciones de postulaci\u00f3n habr\u00edan sido asesinadas, de las cuales 16 eran aspirantes a una candidatura.<\/p>\n\n\n\n<p>\u201cDesde el mes de marzo de 2024 se registr\u00f3, por lo menos, el asesinato de 15 personas precandidatas o candidatas. Adicionalmente el Estado inform\u00f3 sobre el homicidio de 9 personas aspirantes o que no contaban con registro de candidatura oficial, pero que hab\u00edan manifestado su deseo de competir en la contienda electoral\u201d, sostuvo.<\/p>\n\n\n\n<p>La CIDH manifest\u00f3 su preocupaci\u00f3n porque a los asesinatos se suman otra serie de hechos de violencia, entre los que destacan amenazas y secuestros de precandidatos, candidatas y de dirigentes o militantes de distintos movimientos o afiliaciones pol\u00edticas.<\/p>\n\n\n\n<p>Aunque reconoci\u00f3 el esfuerzo desplegado por el Estado mexicano para prevenir y responder a estos actos de violencia, inst\u00f3 a las distintas autoridades p\u00fablicas y a las diferentes fuerzas pol\u00edticas de M\u00e9xico a fortalecer las medidas necesarias para garantizar la seguridad e investigar los hechos de conformidad con las garant\u00edas del debido proceso.<\/p>\n\n\n\n<p>\u201cEstas investigaciones deben estar dirigidas a establecer los autores materiales de los hechos, as\u00ed como el motivo espec\u00edfico de cada uno y los autores intelectuales\u201d, enfatiz\u00f3.<\/p>\n\n\n\n<p>Agreg\u00f3 que el Estado inform\u00f3 a la CIDH que, en la actualidad, la protecci\u00f3n a candidatos se otorga a priori ante la mera solicitud para evitar actos de violencia por trabas administrativas. Asimismo, desde el 2 de febrero, opera el Protocolo espec\u00edfico para atender solicitudes relacionadas con la seguridad de candidaturas en el marco del Proceso Electoral 2023-2024.<\/p>\n\n\n\n<p>No obstante, llam\u00f3 al Estado a continuar fortaleciendo estas medidas de prevenci\u00f3n, tendientes a garantizar elecciones peri\u00f3dicas, libres, justas y basadas en el sufragio universal y secreto como expresi\u00f3n de la soberan\u00eda del pueblo.<\/p>\n\n\n\n<p>(Informaci\u00f3n de \u201cLa Jornada\u201d)<\/p>\n","protected":false},"excerpt":{"rendered":"<p>Redacci\u00f3n\/Zona Roja Cdmx. Ciudad de M\u00e9xico, a 27 de mayo de 2024.- La Comisi\u00f3n Interamericana&hellip;<\/p>\n","protected":false},"author":2,"featured_media":66347,"comment_status":"closed","ping_status":"open","sticky":false,"template":"","format":"standard","meta":{"_lmt_disableupdate":"","_lmt_disable":"","_jetpack_memberships_contains_paid_content":false,"footnotes":""},"categories":[109,47],"tags":[],"class_list":["post-68783","post","type-post","status-publish","format-standard","has-post-thumbnail","hentry","category-minuto-a-minuto","category-zona-gris"],"jetpack_featured_media_url":"https:\/\/zonaroja.com.mx\/wp-content\/uploads\/2024\/03\/Violencia-politica-2.jpg","jetpack_sharing_enabled":true,"_links":{"self":[{"href":"https:\/\/zonaroja.com.mx\/index.php?rest_route=\/wp\/v2\/posts\/68783","targetHints":{"allow":["GET"]}}],"collection":[{"href":"https:\/\/zonaroja.com.mx\/index.php?rest_route=\/wp\/v2\/posts"}],"about":[{"href":"https:\/\/zonaroja.com.mx\/index.php?rest_route=\/wp\/v2\/types\/post"}],"author":[{"embeddable":true,"href":"https:\/\/zonaroja.com.mx\/index.php?rest_route=\/wp\/v2\/users\/2"}],"replies":[{"embeddable":true,"href":"https:\/\/zonaroja.com.mx\/index.php?rest_route=%2Fwp%2Fv2%2Fcomments&post=68783"}],"version-history":[{"count":1,"href":"https:\/\/zonaroja.com.mx\/index.php?rest_route=\/wp\/v2\/posts\/68783\/revisions"}],"predecessor-version":[{"id":68784,"href":"https:\/\/zonaroja.com.mx\/index.php?rest_route=\/wp\/v2\/posts\/68783\/revisions\/68784"}],"wp:featuredmedia":[{"embeddable":true,"href":"https:\/\/zonaroja.com.mx\/index.php?rest_route=\/wp\/v2\/media\/66347"}],"wp:attachment":[{"href":"https:\/\/zonaroja.com.mx\/index.php?rest_route=%2Fwp%2Fv2%2Fmedia&parent=68783"}],"wp:term":[{"taxonomy":"category","embeddable":true,"href":"https:\/\/zonaroja.com.mx\/index.php?rest_route=%2Fwp%2Fv2%2Fcategories&post=68783"},{"taxonomy":"post_tag","embeddable":true,"href":"https:\/\/zonaroja.com.mx\/index.php?rest_route=%2Fwp%2Fv2%2Ftags&post=68783"}],"curies":[{"name":"wp","href":"https:\/\/api.w.org\/{rel}","templated":true}]}}