{"id":68788,"date":"2024-05-27T11:04:00","date_gmt":"2024-05-27T17:04:00","guid":{"rendered":"https:\/\/zonaroja.com.mx\/?p=68788"},"modified":"2024-05-27T08:23:50","modified_gmt":"2024-05-27T14:23:50","slug":"aseguran-que-en-zimatlan-ya-eligio-por-javier-cesar-barroso-sanchez","status":"publish","type":"post","link":"https:\/\/zonaroja.com.mx\/?p=68788","title":{"rendered":"Aseguran que en Zimatl\u00e1n ya eligi\u00f3 por Javier\u00a0C\u00e9sar\u00a0Barroso S\u00e1nchez\u00a0"},"content":{"rendered":"\n<p>Redacci\u00f3n\/Zona Roja.<\/p>\n\n\n\n<p>Oaxaca de Ju\u00e1rez, Oax., a 27 de mayo de 2024.- Los habitantes de Zimatl\u00e1n de \u00c1lvarez han expresado su firme apoyo a la planilla para concejales&nbsp;por el Partido Verde Ecologista de M\u00e9xico (PVEM)&nbsp;encabezada por Javier&nbsp;C\u00e9sar&nbsp;Barroso S\u00e1nchez.<\/p>\n\n\n\n<p>En una muestra de unidad y determinaci\u00f3n, los zimatecos han decidido votar por un proyecto real y sin mentiras que promete mejorar significativamente las condiciones de vida en nuestro municipio.<\/p>\n\n\n\n<p>Durante sus recorridos por agencias&nbsp;y&nbsp;barrios&nbsp;Barroso S\u00e1nchez ha agradecido profundamente la confianza depositada en su equipo, destacando que este respaldo es un claro reflejo del deseo de la comunidad de avanzar hacia un futuro m\u00e1s pr\u00f3spero y equitativo.<\/p>\n\n\n\n<p>Su proyecto de gobierno se centra en recuperar el tiempo perdido debido a las malas decisiones del gobierno anterior, y se compromete a implementar estrategias efectivas y transparentes para revitalizar el desarrollo local.<\/p>\n\n\n\n<p>Sin embargo, Javier&nbsp;C\u00e9sar&nbsp;Barroso S\u00e1nchez advirti\u00f3 sobre la existencia de grupos que desean mantener al pueblo sumido en la misma situaci\u00f3n de estancamiento y retroceso.&nbsp;<\/p>\n\n\n\n<p>\u00abNo&nbsp;permitiremos que intereses ajenos frenen el progreso de nuestra comunidad,&nbsp;ni tampoco repetir la improvisaci\u00f3n&nbsp;de personal&nbsp;y el desconocimiento&nbsp;de&nbsp;la administraci\u00f3n publica&nbsp;donde la&nbsp;curva de aprendizaje retrasa el desarrollo de&nbsp;Zimatl\u00e1n.&nbsp;Estamos comprometidos con la transparencia, la honestidad y el trabajo arduo para superar cualquier obst\u00e1culo que se presente\u00bb, a\u00f1adi\u00f3.<\/p>\n\n\n\n<p>Por ello invit\u00f3 a votar por el Partido Verde este domingo 2 de junio&nbsp;para&nbsp;marcar&nbsp;el inicio de una nueva etapa para el municipio, una etapa en la que el bienestar de la comunidad&nbsp;es lo principal.<\/p>\n","protected":false},"excerpt":{"rendered":"<p>Redacci\u00f3n\/Zona Roja. Oaxaca de Ju\u00e1rez, Oax., a 27 de mayo de 2024.- Los habitantes de&hellip;<\/p>\n","protected":false},"author":2,"featured_media":68789,"comment_status":"closed","ping_status":"open","sticky":false,"template":"","format":"standard","meta":{"_lmt_disableupdate":"","_lmt_disable":"","_jetpack_memberships_contains_paid_content":false,"footnotes":""},"categories":[109,46],"tags":[3946],"class_list":["post-68788","post","type-post","status-publish","format-standard","has-post-thumbnail","hentry","category-minuto-a-minuto","category-zona-blanca","tag-sergio-barroso-sanchez"],"jetpack_featured_media_url":"https:\/\/zonaroja.com.mx\/wp-content\/uploads\/2024\/05\/PVEM-Zimatlan-Sergio-Barroso.jpg","jetpack_sharing_enabled":true,"_links":{"self":[{"href":"https:\/\/zonaroja.com.mx\/index.php?rest_route=\/wp\/v2\/posts\/68788","targetHints":{"allow":["GET"]}}],"collection":[{"href":"https:\/\/zonaroja.com.mx\/index.php?rest_route=\/wp\/v2\/posts"}],"about":[{"href":"https:\/\/zonaroja.com.mx\/index.php?rest_route=\/wp\/v2\/types\/post"}],"author":[{"embeddable":true,"href":"https:\/\/zonaroja.com.mx\/index.php?rest_route=\/wp\/v2\/users\/2"}],"replies":[{"embeddable":true,"href":"https:\/\/zonaroja.com.mx\/index.php?rest_route=%2Fwp%2Fv2%2Fcomments&post=68788"}],"version-history":[{"count":1,"href":"https:\/\/zonaroja.com.mx\/index.php?rest_route=\/wp\/v2\/posts\/68788\/revisions"}],"predecessor-version":[{"id":68790,"href":"https:\/\/zonaroja.com.mx\/index.php?rest_route=\/wp\/v2\/posts\/68788\/revisions\/68790"}],"wp:featuredmedia":[{"embeddable":true,"href":"https:\/\/zonaroja.com.mx\/index.php?rest_route=\/wp\/v2\/media\/68789"}],"wp:attachment":[{"href":"https:\/\/zonaroja.com.mx\/index.php?rest_route=%2Fwp%2Fv2%2Fmedia&parent=68788"}],"wp:term":[{"taxonomy":"category","embeddable":true,"href":"https:\/\/zonaroja.com.mx\/index.php?rest_route=%2Fwp%2Fv2%2Fcategories&post=68788"},{"taxonomy":"post_tag","embeddable":true,"href":"https:\/\/zonaroja.com.mx\/index.php?rest_route=%2Fwp%2Fv2%2Ftags&post=68788"}],"curies":[{"name":"wp","href":"https:\/\/api.w.org\/{rel}","templated":true}]}}