{"id":6880,"date":"2019-12-22T17:16:28","date_gmt":"2019-12-22T23:16:28","guid":{"rendered":"http:\/\/www.zonaroja.com.mx\/?p=6880"},"modified":"2019-12-22T17:16:32","modified_gmt":"2019-12-22T23:16:32","slug":"inicia-manana-periodo-vacacional-decembrino-regreso-a-clases-8-de-enero","status":"publish","type":"post","link":"https:\/\/zonaroja.com.mx\/?p=6880","title":{"rendered":"Inicia ma\u00f1ana periodo vacacional decembrino; regreso a clases: 8 de enero"},"content":{"rendered":"\n<p>Redacci\u00f3n\/Zona\nRoja.<\/p>\n\n\n\n<p>Oaxaca de\nJu\u00e1rez, Oax., 22 de diciembre de 2019.- Este lunes 23 de diciembre inicia el\nperiodo vacacional para la comunidad escolar del nivel b\u00e1sico, mismo que\nconcluir\u00e1 el 7 de enero del pr\u00f3ximo a\u00f1o.<\/p>\n\n\n\n<p>Lo\nanterior, conforme lo establece el calendario escolar 2019-2020 emitido por la\nSecretar\u00eda de Educaci\u00f3n P\u00fablica (SEP), inform\u00f3 El Instituto Estatal de Educaci\u00f3n\nP\u00fablica de Oaxaca (IEEPO).<\/p>\n\n\n\n<p>Por ello,\nen m\u00e1s de 13 mil planteles educativos de las ocho regiones de la entidad que se\nencuentran incorporados IEEPO, gozar\u00e1n del periodo vacacional de invierno.<\/p>\n\n\n\n<p>Aproximadamente\n900 mil estudiantes de educaci\u00f3n b\u00e1sica de la entidad y m\u00e1s de 82 mil\ntrabajadores, entre directivos, docentes y personal de apoyo a la educaci\u00f3n,\ngozar\u00e1n de unos d\u00edas de descanso para retornar a las actividades acad\u00e9micas el\nmi\u00e9rcoles 8 de enero de 2020, en los horarios matutino y vespertino.<\/p>\n\n\n\n<p>Indic\u00f3\nque en los \u00faltimos d\u00edas, con motivo de esta \u00e9poca navide\u00f1a, en los planteles\neducativos se llevaron a cabo festivales y convivios, donde las y los alumnos\njunto con maestras y maestros fortalecieron v\u00ednculos de amistad en un ambiente\nde alegr\u00eda y compa\u00f1erismo.<\/p>\n\n\n\n<p>El\ndirector general del IEEPO, Francisco \u00c1ngel Villarreal expres\u00f3 sus\nfelicitaciones a los alumnos, docentes, directivos, personal de apoyo a la\neducaci\u00f3n y servidores p\u00fablicos de este organismo, as\u00ed como a las madres y\npadres de familia con motivo de las fiestas de fin de a\u00f1o, e hizo votos para\nque se desarrollen en armon\u00eda, uni\u00f3n y amor, que el 2020 se consoliden las\nmetas propuestas.<\/p>\n\n\n\n<p>El\nperiodo vacacional de invierno es aplicable a los distintos niveles de\neducaci\u00f3n inicial, preescolar, primaria y secundaria, telesecundaria y\nsecundarias generales, en sus modalidades de general, ind\u00edgena y comunitaria,\ntanto en escuelas p\u00fablicas como privadas, as\u00ed como en las escuelas normales.<\/p>\n\n\n\n<p>Ante el\nperiodo vacacional, el IEEPO exhorta a las autoridades educativas, municipales\ny comit\u00e9s de padres de familia a tomar medidas y establecer acciones en los\nplanteles para resguardar las instalaciones, equipos, material y documentaci\u00f3n\ncon el fin de evitar robos o actos vand\u00e1licos.<\/p>\n\n\n\n<p>Entre las\nrecomendaciones se encuentran que se organicen para que mediante comisiones se\ntenga la certeza que no sean sustra\u00eddos equipos de c\u00f3mputo, material educativo\ny documentaci\u00f3n durante este lapso.<\/p>\n","protected":false},"excerpt":{"rendered":"<p>Redacci\u00f3n\/Zona Roja. Oaxaca de Ju\u00e1rez, Oax., 22 de diciembre de 2019.- Este lunes 23 de&hellip;<\/p>\n","protected":false},"author":2,"featured_media":6881,"comment_status":"closed","ping_status":"open","sticky":false,"template":"","format":"standard","meta":{"_lmt_disableupdate":"","_lmt_disable":"","_jetpack_memberships_contains_paid_content":false,"footnotes":""},"categories":[109,46],"tags":[599],"class_list":["post-6880","post","type-post","status-publish","format-standard","has-post-thumbnail","hentry","category-minuto-a-minuto","category-zona-blanca","tag-instituto-estatal-de-educacion-publica-de-oaxaca"],"jetpack_featured_media_url":"https:\/\/zonaroja.com.mx\/wp-content\/uploads\/2019\/12\/4-IEEPO.jpeg","jetpack_sharing_enabled":true,"_links":{"self":[{"href":"https:\/\/zonaroja.com.mx\/index.php?rest_route=\/wp\/v2\/posts\/6880","targetHints":{"allow":["GET"]}}],"collection":[{"href":"https:\/\/zonaroja.com.mx\/index.php?rest_route=\/wp\/v2\/posts"}],"about":[{"href":"https:\/\/zonaroja.com.mx\/index.php?rest_route=\/wp\/v2\/types\/post"}],"author":[{"embeddable":true,"href":"https:\/\/zonaroja.com.mx\/index.php?rest_route=\/wp\/v2\/users\/2"}],"replies":[{"embeddable":true,"href":"https:\/\/zonaroja.com.mx\/index.php?rest_route=%2Fwp%2Fv2%2Fcomments&post=6880"}],"version-history":[{"count":1,"href":"https:\/\/zonaroja.com.mx\/index.php?rest_route=\/wp\/v2\/posts\/6880\/revisions"}],"predecessor-version":[{"id":6882,"href":"https:\/\/zonaroja.com.mx\/index.php?rest_route=\/wp\/v2\/posts\/6880\/revisions\/6882"}],"wp:featuredmedia":[{"embeddable":true,"href":"https:\/\/zonaroja.com.mx\/index.php?rest_route=\/wp\/v2\/media\/6881"}],"wp:attachment":[{"href":"https:\/\/zonaroja.com.mx\/index.php?rest_route=%2Fwp%2Fv2%2Fmedia&parent=6880"}],"wp:term":[{"taxonomy":"category","embeddable":true,"href":"https:\/\/zonaroja.com.mx\/index.php?rest_route=%2Fwp%2Fv2%2Fcategories&post=6880"},{"taxonomy":"post_tag","embeddable":true,"href":"https:\/\/zonaroja.com.mx\/index.php?rest_route=%2Fwp%2Fv2%2Ftags&post=6880"}],"curies":[{"name":"wp","href":"https:\/\/api.w.org\/{rel}","templated":true}]}}