{"id":68800,"date":"2024-05-27T21:45:33","date_gmt":"2024-05-28T03:45:33","guid":{"rendered":"https:\/\/zonaroja.com.mx\/?p=68800"},"modified":"2024-05-27T21:48:39","modified_gmt":"2024-05-28T03:48:39","slug":"en-venganza-por-decomiso-de-armas-de-grueso-calibre-asesinan-a-6-en-amoltepec","status":"publish","type":"post","link":"https:\/\/zonaroja.com.mx\/?p=68800","title":{"rendered":"En venganza por decomiso de armas de grueso calibre, asesinan a 6 en Amoltepec"},"content":{"rendered":"\n<p>Ismael Garc\u00eda M.\/Zona Roja.<\/p>\n\n\n\n<p>Oaxaca de Ju\u00e1rez, Oax., a 27 de mayo de 2024.- Al menos 60 personas armadas asesinaron hoy a seis varones, uno de ellos s\u00edndico y el resto polic\u00edas, en el municipio de Santiago Amoltepec, en la regi\u00f3n Sierra Sur de Oaxaca.<\/p>\n\n\n\n<p>El grupo armado de la localidad Piedra del Tambor iba encabezado por Efra\u00edn Velasco Palacios y Artemio P\u00e9rez, quienes pretend\u00edan asesinar al presidente municipal, Mario Hern\u00e1ndez Garc\u00eda, porque les hab\u00eda decomisado d\u00edas atr\u00e1s un arsenal de armas de uso exclusivo del Ej\u00e9rcito.<\/p>\n\n\n\n<p>De acuerdo con los primeros reportes policiacos, dicho grupo violento intimidaba a la poblaci\u00f3n y comet\u00eda asesinatos en contra de quienes no se plegaban a sus \u00f3rdenes.<\/p>\n\n\n\n<p>La ma\u00f1ana de hoy, el s\u00edndico municipal Gaudencio Hern\u00e1ndez, envi\u00f3 un escrito urgente a la Secretar\u00eda de Gobierno, en que alertaba sobre el riesgo de violencia y por lo cual ped\u00eda resguardo policial.<\/p>\n\n\n\n<p>En el documento relata que unas 12 personas armadas ingresaron al palacio municipal para intentar secuestrar al edil y recuperar las armas que les decomisaron.<\/p>\n\n\n\n<p>Al no hallarlos, desarmaron a los polic\u00edas municipales y recorrieron localidades en busca del presidente, a quien habr\u00edan hallado en la comunidad de El Mamey, lo golpearon y lo mantienen plagiado.<\/p>\n\n\n\n<p>Hasta el momento las autoridades estatales no han emitido informaci\u00f3n al respecto.<\/p>\n\n\n\n<p>OTRA MASACRE<\/p>\n\n\n\n<p>El 14 de febrero del 2023, fueron asesinadas a balazos a cinco personas en el exterior del palacio municipal de Amoltepec, quienes pretend\u00edan asesinar al presidente de la localidad.<\/p>\n\n\n\n<p>Fueron ultimados presuntamente por los polic\u00edas municipales que defendieron a la autoridad; los agresores abatidos portaban armas de grueso calibre.<\/p>\n\n\n\n<figure class=\"wp-block-image size-full\"><img decoding=\"async\" width=\"464\" height=\"600\" src=\"https:\/\/zonaroja.com.mx\/wp-content\/uploads\/2024\/05\/Oficio-Amoltepec-Sindico-a-Sego.jpg\" alt=\"\" class=\"wp-image-68801\" srcset=\"https:\/\/zonaroja.com.mx\/wp-content\/uploads\/2024\/05\/Oficio-Amoltepec-Sindico-a-Sego.jpg 464w, https:\/\/zonaroja.com.mx\/wp-content\/uploads\/2024\/05\/Oficio-Amoltepec-Sindico-a-Sego-232x300.jpg 232w\" sizes=\"(max-width: 464px) 100vw, 464px\" \/><\/figure>\n","protected":false},"excerpt":{"rendered":"<p>Ismael Garc\u00eda M.\/Zona Roja. Oaxaca de Ju\u00e1rez, Oax., a 27 de mayo de 2024.- Al&hellip;<\/p>\n","protected":false},"author":2,"featured_media":68802,"comment_status":"closed","ping_status":"open","sticky":false,"template":"","format":"standard","meta":{"_lmt_disableupdate":"","_lmt_disable":"","_jetpack_memberships_contains_paid_content":false,"footnotes":""},"categories":[109,51],"tags":[860],"class_list":["post-68800","post","type-post","status-publish","format-standard","has-post-thumbnail","hentry","category-minuto-a-minuto","category-zona-roja","tag-santiago-amoltepec"],"jetpack_featured_media_url":"https:\/\/zonaroja.com.mx\/wp-content\/uploads\/2024\/05\/Seis-asesinados-en-Amoltepec.jpg","jetpack_sharing_enabled":true,"_links":{"self":[{"href":"https:\/\/zonaroja.com.mx\/index.php?rest_route=\/wp\/v2\/posts\/68800","targetHints":{"allow":["GET"]}}],"collection":[{"href":"https:\/\/zonaroja.com.mx\/index.php?rest_route=\/wp\/v2\/posts"}],"about":[{"href":"https:\/\/zonaroja.com.mx\/index.php?rest_route=\/wp\/v2\/types\/post"}],"author":[{"embeddable":true,"href":"https:\/\/zonaroja.com.mx\/index.php?rest_route=\/wp\/v2\/users\/2"}],"replies":[{"embeddable":true,"href":"https:\/\/zonaroja.com.mx\/index.php?rest_route=%2Fwp%2Fv2%2Fcomments&post=68800"}],"version-history":[{"count":2,"href":"https:\/\/zonaroja.com.mx\/index.php?rest_route=\/wp\/v2\/posts\/68800\/revisions"}],"predecessor-version":[{"id":68804,"href":"https:\/\/zonaroja.com.mx\/index.php?rest_route=\/wp\/v2\/posts\/68800\/revisions\/68804"}],"wp:featuredmedia":[{"embeddable":true,"href":"https:\/\/zonaroja.com.mx\/index.php?rest_route=\/wp\/v2\/media\/68802"}],"wp:attachment":[{"href":"https:\/\/zonaroja.com.mx\/index.php?rest_route=%2Fwp%2Fv2%2Fmedia&parent=68800"}],"wp:term":[{"taxonomy":"category","embeddable":true,"href":"https:\/\/zonaroja.com.mx\/index.php?rest_route=%2Fwp%2Fv2%2Fcategories&post=68800"},{"taxonomy":"post_tag","embeddable":true,"href":"https:\/\/zonaroja.com.mx\/index.php?rest_route=%2Fwp%2Fv2%2Ftags&post=68800"}],"curies":[{"name":"wp","href":"https:\/\/api.w.org\/{rel}","templated":true}]}}