{"id":68808,"date":"2024-05-28T06:45:18","date_gmt":"2024-05-28T12:45:18","guid":{"rendered":"https:\/\/zonaroja.com.mx\/?p=68808"},"modified":"2024-05-28T06:45:20","modified_gmt":"2024-05-28T12:45:20","slug":"tlaxiaco-votara-masivamente-por-edgardo-acevedo-y-el-pup","status":"publish","type":"post","link":"https:\/\/zonaroja.com.mx\/?p=68808","title":{"rendered":"Tlaxiaco votar\u00e1 masivamente por Edgardo Acevedo y el PUP"},"content":{"rendered":"\n<p>Redacci\u00f3n\/Zona Roja.<\/p>\n\n\n\n<p>Oaxaca de Ju\u00e1rez, Oax., a 28 de mayo de 2024.- La contienda electoral en la Heroica Ciudad de Tlaxiaco se encuentra en la recta final y el candidato de Unidad Popular, Edgardo Acevedo L\u00f3pez, emerge como una figura central y carism\u00e1tica que promete un cambio aut\u00e9ntico para la regi\u00f3n.&nbsp;<\/p>\n\n\n\n<p>Este fin de semana, Acevedo L\u00f3pez llev\u00f3 a cabo una gira exhaustiva, visitando las comunidades de Aguazarca, Ca\u00f1ada Candelaria, Cuquila, Barrio San Nicol\u00e1s, El Ojite Cuauht\u00e9moc, Mexicalcingo de los Granados y San Pedro Yosotatu.<\/p>\n\n\n\n<p>En cada parada de su recorrido, Edgardo Acevedo fue recibido con entusiasmo y felicitaciones por ser el \u00fanico candidato que no ha participado en procesos electorales previos. Los habitantes de estas comunidades han destacado su trayectoria como locutor de radio, donde ha demostrado su compromiso y apoyo constante al pueblo.<\/p>\n\n\n\n<p>\u00abEs tiempo de un verdadero cambio para Tlaxiaco y sus comunidades\u00bb, le manifestaron los ciudadanos, mostrando un respaldo significativo a su candidatura. Acevedo L\u00f3pez, conocido por su honestidad y congruencia entre lo que dice y hace, prometi\u00f3 que su administraci\u00f3n ser\u00eda la mejor que haya visto Tlaxiaco en los \u00faltimos tiempos.<\/p>\n\n\n\n<p>Durante sus discursos, el candidato subray\u00f3 su visi\u00f3n de un gobierno cercano a la gente, inspir\u00e1ndose en el presidente Andr\u00e9s Manuel L\u00f3pez Obrador.&nbsp;<\/p>\n\n\n\n<p>\u00abSi el presidente L\u00f3pez Obrador, con tanto trabajo en el gobierno federal, se da el tiempo de recorrer los estados y municipios, \u00bfpor qu\u00e9 los presidentes municipales no pueden hacerlo con sus agencias, barrios y colonias? Por eso, yo destinar\u00e9 tres d\u00edas de la semana para estar en cada uno de ellos\u00bb, afirm\u00f3 Edgardo Acevedo.<\/p>\n\n\n\n<p>Al finalizar cada reuni\u00f3n, los presentes manifestaron su apoyo total con mensajes de alegr\u00eda y porras, reforzando la sensaci\u00f3n de que la candidatura de Edgardo Acevedo L\u00f3pez representa una ola de cambio imparable que ya ha empezado a transformar Tlaxiaco.<\/p>\n\n\n\n<p>Con su propuesta de estar m\u00e1s cerca de las comunidades y su historial de servicio p\u00fablico desinteresado, Edgardo Acevedo L\u00f3pez se posiciona como la voz que el pueblo esperaba, prometiendo una administraci\u00f3n municipal comprometida y efectiva.&nbsp;<\/p>\n\n\n\n<p>La expectativa y el entusiasmo entre los ciudadanos contin\u00faan creciendo, mientras la campa\u00f1a de Unidad Popular avanza con fuerza hacia las elecciones municipales.<\/p>\n","protected":false},"excerpt":{"rendered":"<p>Redacci\u00f3n\/Zona Roja. Oaxaca de Ju\u00e1rez, Oax., a 28 de mayo de 2024.- La contienda electoral&hellip;<\/p>\n","protected":false},"author":2,"featured_media":68809,"comment_status":"closed","ping_status":"open","sticky":false,"template":"","format":"standard","meta":{"_lmt_disableupdate":"","_lmt_disable":"","_jetpack_memberships_contains_paid_content":false,"footnotes":""},"categories":[109,46],"tags":[3944],"class_list":["post-68808","post","type-post","status-publish","format-standard","has-post-thumbnail","hentry","category-minuto-a-minuto","category-zona-blanca","tag-edgardo-acevedo-lopez"],"jetpack_featured_media_url":"https:\/\/zonaroja.com.mx\/wp-content\/uploads\/2024\/05\/Edgardo-Acevedo-Tlaxiaco.jpg","jetpack_sharing_enabled":true,"_links":{"self":[{"href":"https:\/\/zonaroja.com.mx\/index.php?rest_route=\/wp\/v2\/posts\/68808","targetHints":{"allow":["GET"]}}],"collection":[{"href":"https:\/\/zonaroja.com.mx\/index.php?rest_route=\/wp\/v2\/posts"}],"about":[{"href":"https:\/\/zonaroja.com.mx\/index.php?rest_route=\/wp\/v2\/types\/post"}],"author":[{"embeddable":true,"href":"https:\/\/zonaroja.com.mx\/index.php?rest_route=\/wp\/v2\/users\/2"}],"replies":[{"embeddable":true,"href":"https:\/\/zonaroja.com.mx\/index.php?rest_route=%2Fwp%2Fv2%2Fcomments&post=68808"}],"version-history":[{"count":1,"href":"https:\/\/zonaroja.com.mx\/index.php?rest_route=\/wp\/v2\/posts\/68808\/revisions"}],"predecessor-version":[{"id":68810,"href":"https:\/\/zonaroja.com.mx\/index.php?rest_route=\/wp\/v2\/posts\/68808\/revisions\/68810"}],"wp:featuredmedia":[{"embeddable":true,"href":"https:\/\/zonaroja.com.mx\/index.php?rest_route=\/wp\/v2\/media\/68809"}],"wp:attachment":[{"href":"https:\/\/zonaroja.com.mx\/index.php?rest_route=%2Fwp%2Fv2%2Fmedia&parent=68808"}],"wp:term":[{"taxonomy":"category","embeddable":true,"href":"https:\/\/zonaroja.com.mx\/index.php?rest_route=%2Fwp%2Fv2%2Fcategories&post=68808"},{"taxonomy":"post_tag","embeddable":true,"href":"https:\/\/zonaroja.com.mx\/index.php?rest_route=%2Fwp%2Fv2%2Ftags&post=68808"}],"curies":[{"name":"wp","href":"https:\/\/api.w.org\/{rel}","templated":true}]}}