{"id":68811,"date":"2024-05-28T07:07:16","date_gmt":"2024-05-28T13:07:16","guid":{"rendered":"https:\/\/zonaroja.com.mx\/?p=68811"},"modified":"2024-05-28T07:07:18","modified_gmt":"2024-05-28T13:07:18","slug":"cumple-10-dias-la-retencion-de-un-presidente-municipal-en-oaxaca","status":"publish","type":"post","link":"https:\/\/zonaroja.com.mx\/?p=68811","title":{"rendered":"Cumple 10 d\u00edas la retenci\u00f3n de un presidente municipal en Oaxaca"},"content":{"rendered":"\n<p>Raymundo Morales\/Zona Roja.<\/p>\n\n\n\n<p>Oaxaca de Ju\u00e1rez, Oax., a 28 de mayo de 2024.- Este martes se cumplen 10 d\u00edas de la retenci\u00f3n del presidente municipal de La Reforma, distrito de Putla, y tres personas m\u00e1s.<\/p>\n\n\n\n<p>Cipriano Arturo Guzm\u00e1n Boh\u00f3rquez fue plagiado el pasado 18 de mayo junto con Antonio M\u00e9ndez Sarmiento, Florentino Ortiz Heraz, y Victoriano Alfaro Caballero, por parte de pobladores de la agencia de Estanzuela y de R\u00edo Tigre.<\/p>\n\n\n\n<p>Ayer lunes un grupo de habitantes de La Reforma acudi\u00f3 a las oficinas de gobierno en Ciudad Administrativa, para exigir la intervenci\u00f3n inmediata de las autoridades estatales a fin de que se liberen las cuatro personas.<\/p>\n\n\n\n<p>Fue aproximadamente a las 20:30 horas del 18 de mayo en que el edil, acompa\u00f1ado de integrantes del comit\u00e9 de los sectores educativos, as\u00ed como de Antonio M\u00e9ndez Sarmiento, Florentino Ortiz Heraz, y Victoriano Alfaro Caballero, regresaban de ir a recoger material educativo.<\/p>\n\n\n\n<p>A la altura del lugar conocido como \u00abEl Carrizal\u00bb, fueron detenidos violentamente por m\u00e1s de cincuenta personas, lideradas por Pedro Herrera P\u00e9rez, agente municipal de Estanzuela.&nbsp;<\/p>\n\n\n\n<p>Seg\u00fan los pobladores fueron golpeados y secuestrados sin motivo alguno; de acuerdo con pobladores de la agencia, el presidente municipal no ha cumplido con la asignaci\u00f3n de recursos.<\/p>\n\n\n\n<p>El municipio de La Reforma desaprueba todo acto de violencia y delitos graves en contra del presidente municipal y dem\u00e1s ciudadanos. Por lo que se ha solicitado el apoyo, coadyuvancia e intervenci\u00f3n del Gobierno del Estado, para su pronta liberaci\u00f3n, sin que hasta este momento se tenga una respuesta\u201d, difundieron ayer en un comunicado.&nbsp;<\/p>\n","protected":false},"excerpt":{"rendered":"<p>Raymundo Morales\/Zona Roja. Oaxaca de Ju\u00e1rez, Oax., a 28 de mayo de 2024.- Este martes&hellip;<\/p>\n","protected":false},"author":2,"featured_media":68812,"comment_status":"closed","ping_status":"open","sticky":false,"template":"","format":"standard","meta":{"_lmt_disableupdate":"","_lmt_disable":"","_jetpack_memberships_contains_paid_content":false,"footnotes":""},"categories":[109,47],"tags":[3951],"class_list":["post-68811","post","type-post","status-publish","format-standard","has-post-thumbnail","hentry","category-minuto-a-minuto","category-zona-gris","tag-la-reforma-putla"],"jetpack_featured_media_url":"https:\/\/zonaroja.com.mx\/wp-content\/uploads\/2024\/05\/Protesta-retencion-edil-La-Reforma-Oaxaca.jpeg","jetpack_sharing_enabled":true,"_links":{"self":[{"href":"https:\/\/zonaroja.com.mx\/index.php?rest_route=\/wp\/v2\/posts\/68811","targetHints":{"allow":["GET"]}}],"collection":[{"href":"https:\/\/zonaroja.com.mx\/index.php?rest_route=\/wp\/v2\/posts"}],"about":[{"href":"https:\/\/zonaroja.com.mx\/index.php?rest_route=\/wp\/v2\/types\/post"}],"author":[{"embeddable":true,"href":"https:\/\/zonaroja.com.mx\/index.php?rest_route=\/wp\/v2\/users\/2"}],"replies":[{"embeddable":true,"href":"https:\/\/zonaroja.com.mx\/index.php?rest_route=%2Fwp%2Fv2%2Fcomments&post=68811"}],"version-history":[{"count":1,"href":"https:\/\/zonaroja.com.mx\/index.php?rest_route=\/wp\/v2\/posts\/68811\/revisions"}],"predecessor-version":[{"id":68813,"href":"https:\/\/zonaroja.com.mx\/index.php?rest_route=\/wp\/v2\/posts\/68811\/revisions\/68813"}],"wp:featuredmedia":[{"embeddable":true,"href":"https:\/\/zonaroja.com.mx\/index.php?rest_route=\/wp\/v2\/media\/68812"}],"wp:attachment":[{"href":"https:\/\/zonaroja.com.mx\/index.php?rest_route=%2Fwp%2Fv2%2Fmedia&parent=68811"}],"wp:term":[{"taxonomy":"category","embeddable":true,"href":"https:\/\/zonaroja.com.mx\/index.php?rest_route=%2Fwp%2Fv2%2Fcategories&post=68811"},{"taxonomy":"post_tag","embeddable":true,"href":"https:\/\/zonaroja.com.mx\/index.php?rest_route=%2Fwp%2Fv2%2Ftags&post=68811"}],"curies":[{"name":"wp","href":"https:\/\/api.w.org\/{rel}","templated":true}]}}