{"id":68818,"date":"2024-05-28T10:47:00","date_gmt":"2024-05-28T16:47:00","guid":{"rendered":"https:\/\/zonaroja.com.mx\/?p=68818"},"modified":"2024-05-28T07:48:26","modified_gmt":"2024-05-28T13:48:26","slug":"mata-israel-a-45-personas-en-gaza-y-dice-que-fue-tragico-incidente","status":"publish","type":"post","link":"https:\/\/zonaroja.com.mx\/?p=68818","title":{"rendered":"Mata Israel a 45 personas en Gaza y dice que fue \u201ctr\u00e1gico incidente\u201d"},"content":{"rendered":"\n<p>Redacci\u00f3n\/Zona Roja Cdmx.<\/p>\n\n\n\n<p>Ciudad de M\u00e9xico, a 28 de mayo de 2024.- El primer ministro israel\u00ed, Benjam\u00edn Netanyahu, afirm\u00f3 este lunes que la muerte de civiles antenoche en un ataque israel\u00ed contra un campo de personas palestinas refugiadas en Rafah, en el extremo sur de la Franja de Gaza, es un \u201ctr\u00e1gico incidente\u201d.<\/p>\n\n\n\n<p>\u201cEstamos investigando el caso, esa es nuestra pol\u00edtica. Para nosotros, cada da\u00f1o a civiles no involucrados es una tragedia\u201d, indic\u00f3 Netanyahu en una audiencia en la Kn\u00e9set (Parlamento israel\u00ed) con familias de rehenes sobre la guerra en la Franja, donde ya han sido asesinadas m\u00e1s de 36 mil personas palestinas, m\u00e1s del 70 por ciento civiles.<\/p>\n\n\n\n<p>El Fiscal General Militar, el mayor general Yifat Tomer Yerushalmi, orden\u00f3 abrir pesquisas sobre este bombardeo al Mecanismo de Investigaci\u00f3n y Evaluaci\u00f3n del Estado Mayor, una entidad semindependiente formada por exmilitares que ya investig\u00f3 hace un mes el ataque de Israel a un convoy humanitario de la ONG World Central Kitchen, en el que murieron siete de sus empleados, seis de ellos extranjeros.<\/p>\n\n\n\n<p>\u201cAntes del ataque, se tomaron una serie de medidas para reducir el riesgo de da\u00f1ar a civiles no involucrados, incluida vigilancia a\u00e9rea, el despliegue de municiones precisas e informaci\u00f3n de inteligencia adicional. Sobre la base de estas medidas se evalu\u00f3 que no se esperaba ning\u00fan da\u00f1o a los civiles\u201d, indic\u00f3 el Ej\u00e9rcito sobre el ataque antenoche en Rafah.<\/p>\n\n\n\n<p>Netanyahu particip\u00f3 en una sesi\u00f3n extraordinaria en la Kn\u00e9set a petici\u00f3n de 40 diputados, que obliga al primer ministro a asistir a sede parlamentaria, donde tambi\u00e9n acudieron hoy familiares de los rehenes, que reclaman un acuerdo inmediato para liberar a todos los rehenes y temen que casos como el ataque en Rafah dificulten las negociaciones.<\/p>\n\n\n\n<p>\u201cDesde diciembre y hasta ahora, he recibido cinco solicitudes del equipo negociador para ampliar su mandato y aprob\u00e9 todas y cada una de ellas\u201d, explic\u00f3 Netanyahu a las familias.<\/p>\n\n\n\n<p>La oficina del primer ministro anunci\u00f3 la semana pasada que autoriz\u00f3 al equipo negociador a retomar las negociaciones en El Cairo y se espera que as\u00ed suceda ma\u00f1ana, aunque el liderazgo de Ham\u00e1s insiste en que no hay acuerdo posible mientras Israel no acceda al fin de la guerra, a lo que Netanyahu se opone.<\/p>\n\n\n\n<p>\u201c(Yahya) Sinwar -l\u00edder de Ham\u00e1s en Gaza y cerebro de los ataques del 7 de octubre- es el \u00fanico obst\u00e1culo\u201d, asever\u00f3 el primer ministro.<\/p>\n\n\n\n<p>El ataque contra el campo de refugiados en Rafah ocurri\u00f3 luego de que apenas el 24 de mayo la Corte Internacional de Justicia (CIJ) exigiera a Israel que detuviera su ofensiva militar en esa zona, que antes hab\u00eda sido designada como segura para la poblaci\u00f3n pero donde, a\u00fan as\u00ed, ha lanzado ataques constantes.<\/p>\n\n\n\n<p>Al menos 45 personas fallecieron como consecuencia de que Israel lanzara ataques en una \u201czona segura\u201d en el barrio de Tal al Sultan, en el noroeste de Rafah, donde hab\u00eda cientos de personas desplazadas en un campamento improvisado que Israel a\u00fan no hab\u00eda ordenado evacuar.<\/p>\n\n\n\n<p>El Ej\u00e9rcito indic\u00f3 que se trat\u00f3 de una \u201coperaci\u00f3n precisa basada en inteligencia\u201d dirigida a eliminar a dos altos mandos de Ham\u00e1s que se encontraban en un edificio en la zona; aunque admiten que luego se gener\u00f3 un incendio que provoc\u00f3 un alto n\u00famero de v\u00edctimas mortales.<\/p>\n\n\n\n<p>(Informaci\u00f3n de \u201cEl Financiero\u201d)<\/p>\n","protected":false},"excerpt":{"rendered":"<p>Redacci\u00f3n\/Zona Roja Cdmx. Ciudad de M\u00e9xico, a 28 de mayo de 2024.- El primer ministro&hellip;<\/p>\n","protected":false},"author":2,"featured_media":64417,"comment_status":"closed","ping_status":"open","sticky":false,"template":"","format":"standard","meta":{"_lmt_disableupdate":"","_lmt_disable":"","_jetpack_memberships_contains_paid_content":false,"footnotes":""},"categories":[109,47],"tags":[2668],"class_list":["post-68818","post","type-post","status-publish","format-standard","has-post-thumbnail","hentry","category-minuto-a-minuto","category-zona-gris","tag-conflicto-gaza-israel"],"jetpack_featured_media_url":"https:\/\/zonaroja.com.mx\/wp-content\/uploads\/2024\/01\/Destruccion-en-Gaza.jpg","jetpack_sharing_enabled":true,"_links":{"self":[{"href":"https:\/\/zonaroja.com.mx\/index.php?rest_route=\/wp\/v2\/posts\/68818","targetHints":{"allow":["GET"]}}],"collection":[{"href":"https:\/\/zonaroja.com.mx\/index.php?rest_route=\/wp\/v2\/posts"}],"about":[{"href":"https:\/\/zonaroja.com.mx\/index.php?rest_route=\/wp\/v2\/types\/post"}],"author":[{"embeddable":true,"href":"https:\/\/zonaroja.com.mx\/index.php?rest_route=\/wp\/v2\/users\/2"}],"replies":[{"embeddable":true,"href":"https:\/\/zonaroja.com.mx\/index.php?rest_route=%2Fwp%2Fv2%2Fcomments&post=68818"}],"version-history":[{"count":1,"href":"https:\/\/zonaroja.com.mx\/index.php?rest_route=\/wp\/v2\/posts\/68818\/revisions"}],"predecessor-version":[{"id":68819,"href":"https:\/\/zonaroja.com.mx\/index.php?rest_route=\/wp\/v2\/posts\/68818\/revisions\/68819"}],"wp:featuredmedia":[{"embeddable":true,"href":"https:\/\/zonaroja.com.mx\/index.php?rest_route=\/wp\/v2\/media\/64417"}],"wp:attachment":[{"href":"https:\/\/zonaroja.com.mx\/index.php?rest_route=%2Fwp%2Fv2%2Fmedia&parent=68818"}],"wp:term":[{"taxonomy":"category","embeddable":true,"href":"https:\/\/zonaroja.com.mx\/index.php?rest_route=%2Fwp%2Fv2%2Fcategories&post=68818"},{"taxonomy":"post_tag","embeddable":true,"href":"https:\/\/zonaroja.com.mx\/index.php?rest_route=%2Fwp%2Fv2%2Ftags&post=68818"}],"curies":[{"name":"wp","href":"https:\/\/api.w.org\/{rel}","templated":true}]}}