{"id":68820,"date":"2024-05-28T09:28:00","date_gmt":"2024-05-28T15:28:00","guid":{"rendered":"https:\/\/zonaroja.com.mx\/?p=68820"},"modified":"2024-05-28T09:32:09","modified_gmt":"2024-05-28T15:32:09","slug":"denuncia-ong-violencia-contra-mujeres-en-teojomulco-encarcelan-a-regidora","status":"publish","type":"post","link":"https:\/\/zonaroja.com.mx\/?p=68820","title":{"rendered":"Denuncia ONG violencia contra mujeres en Teojomulco; encarcelan a regidora"},"content":{"rendered":"\n<p>Ismael Garc\u00eda M.\/Zona Roja.<\/p>\n\n\n\n<p>Oaxaca de Ju\u00e1rez, Oax., a 28 de mayo de 2024.- La Red Nacional de Abogadas Ind\u00edgenas (RAI) denunci\u00f3 el incremento de la violencia en contra de las mujeres y de la poblaci\u00f3n en general, en Santo Domingo Teojomulco, adem\u00e1s del encarcelamiento de una regidora.<\/p>\n\n\n\n<p>En un comunicado, se\u00f1al\u00f3 que el presidente municipal Uriel Le\u00f3n Venegas y el s\u00edndico Eliud P\u00e9rez S\u00e1nchez, \u201camparados bajo los supuestos usos y costumbres violentan, discriminan, torturan, aplican tratos crueles inhumanos y degradantes.<\/p>\n\n\n\n<p>Relat\u00f3 que el 26 de mayo de 2024, aproximadamente a las 16:00 horas, terminando la asamblea general realizada en el centro de la poblaci\u00f3n de Teojomulco y despu\u00e9s de exponer el punto sobre una publicaci\u00f3n realizada en la red social Facebook donde se ventil\u00f3 sobre una relaci\u00f3n extramarital entre un integrante del Cabildo y una regidora titular, el s\u00edndico, manipulando la informaci\u00f3n culp\u00f3 de dicha publicaci\u00f3n a la regidora suplente de Equidad de G\u00e9nero y adem\u00e1s Directora de las Instancia Municipal de las Mujeres de dicho municipio Mar\u00eda Mart\u00ednez Bautista.<\/p>\n\n\n\n<p>Sin embargo, el trasfondo es que existen intereses de por medio, pues la citada regidora suplente gestion\u00f3 un recurso de Proabim por 200 mil pesos, que se debe administrar exclusivamente para la Instancia de las Mujeres.<\/p>\n\n\n\n<p>\u00abPero el presidente municipal y s\u00edndico quieren utilizar dicho recurso para otras actividades y a su conveniencia; como la regidora suplente no estuvo de acuerdo, le pidieron su renuncia al cargo y ella se neg\u00f3.<\/p>\n\n\n\n<p>\u201cPor ello, ante la asamblea la acusaron falsamente de otra situaci\u00f3n, proponiendo el s\u00edndico que la encerraran un mes en la c\u00e1rcel como castigo (donde no tiene derecho de visita de nadie, ya que la c\u00e1rcel municipal se encuentra en el s\u00f3tano del palacio municipal) y adem\u00e1s cobrarle una multa de 50 mil pesos.<\/p>\n\n\n\n<p>Expone que con fecha 16 de mayo de 2024, el s\u00edndico acudi\u00f3 a la casa de la regidora suplente, Mar\u00eda Mart\u00ednez Bautista, le quit\u00f3 el tel\u00e9fono de ella y de su hija Concepci\u00f3n L\u00f3pez Mart\u00ednez, revisaron sus tel\u00e9fonos, accedieron a sus cuentas de WhatsApp, Facebook, Messenger, correo electr\u00f3nico, conversaciones y fotos, adem\u00e1s de amenazarlas que si hac\u00edan algo o dec\u00edan algo los podr\u00edan a la asamblea e iba a ver la forma para darles un castigo ejemplar.<\/p>\n\n\n\n<p>Ah\u00ed es donde vieron lo que la regidora Mar\u00eda comentaba que era un Cabildo corrupto, machista y que no hacen justicia, por esta situaci\u00f3n, acusaron a la regidora suplente de traici\u00f3n y desde la tarde del 26 de mayo de 2024, la tienen encerrada, aislada, no dejan que su hija pueda verla, nadie la puede ver para llevarle de comer solo es a trav\u00e9s de los topiles, lo cual no puede estar sucediendo por denunciar la corrupci\u00f3n, el actuar parcial y el abuso.<\/p>\n\n\n\n<p>Precisa que adem\u00e1s la regidora suplente tiene un hijo con discapacidad y ella es su cuidadora, y su hijo llora por ver a su madre, pero como la tienen aislada no permiten que pueda verla.<\/p>\n\n\n\n<p>La Red Nacional de Abogadas Ind\u00edgenas demanda el cese del encarcelamiento, tortura y tratos crueles, inhumanos y degradantes en contra de Mar\u00eda Mart\u00ednez; la intervenci\u00f3n inmediata del gobernador Salom\u00f3n Jara Cruz y dem\u00e1s instancias estatales, as\u00ed como de derechos humanos.<\/p>\n","protected":false},"excerpt":{"rendered":"<p>Ismael Garc\u00eda M.\/Zona Roja. Oaxaca de Ju\u00e1rez, Oax., a 28 de mayo de 2024.- La&hellip;<\/p>\n","protected":false},"author":2,"featured_media":68821,"comment_status":"closed","ping_status":"open","sticky":false,"template":"","format":"standard","meta":{"_lmt_disableupdate":"","_lmt_disable":"","_jetpack_memberships_contains_paid_content":false,"footnotes":""},"categories":[109,47],"tags":[3284],"class_list":["post-68820","post","type-post","status-publish","format-standard","has-post-thumbnail","hentry","category-minuto-a-minuto","category-zona-gris","tag-santo-domingo-teojomulco"],"jetpack_featured_media_url":"https:\/\/zonaroja.com.mx\/wp-content\/uploads\/2024\/05\/Santo-Domingo-Teojomulco.jpg","jetpack_sharing_enabled":true,"_links":{"self":[{"href":"https:\/\/zonaroja.com.mx\/index.php?rest_route=\/wp\/v2\/posts\/68820","targetHints":{"allow":["GET"]}}],"collection":[{"href":"https:\/\/zonaroja.com.mx\/index.php?rest_route=\/wp\/v2\/posts"}],"about":[{"href":"https:\/\/zonaroja.com.mx\/index.php?rest_route=\/wp\/v2\/types\/post"}],"author":[{"embeddable":true,"href":"https:\/\/zonaroja.com.mx\/index.php?rest_route=\/wp\/v2\/users\/2"}],"replies":[{"embeddable":true,"href":"https:\/\/zonaroja.com.mx\/index.php?rest_route=%2Fwp%2Fv2%2Fcomments&post=68820"}],"version-history":[{"count":1,"href":"https:\/\/zonaroja.com.mx\/index.php?rest_route=\/wp\/v2\/posts\/68820\/revisions"}],"predecessor-version":[{"id":68822,"href":"https:\/\/zonaroja.com.mx\/index.php?rest_route=\/wp\/v2\/posts\/68820\/revisions\/68822"}],"wp:featuredmedia":[{"embeddable":true,"href":"https:\/\/zonaroja.com.mx\/index.php?rest_route=\/wp\/v2\/media\/68821"}],"wp:attachment":[{"href":"https:\/\/zonaroja.com.mx\/index.php?rest_route=%2Fwp%2Fv2%2Fmedia&parent=68820"}],"wp:term":[{"taxonomy":"category","embeddable":true,"href":"https:\/\/zonaroja.com.mx\/index.php?rest_route=%2Fwp%2Fv2%2Fcategories&post=68820"},{"taxonomy":"post_tag","embeddable":true,"href":"https:\/\/zonaroja.com.mx\/index.php?rest_route=%2Fwp%2Fv2%2Ftags&post=68820"}],"curies":[{"name":"wp","href":"https:\/\/api.w.org\/{rel}","templated":true}]}}