{"id":68823,"date":"2024-05-28T13:01:00","date_gmt":"2024-05-28T19:01:00","guid":{"rendered":"https:\/\/zonaroja.com.mx\/?p=68823"},"modified":"2024-05-28T08:41:42","modified_gmt":"2024-05-28T14:41:42","slug":"renueva-mesa-directiva-el-consejo-oaxaqueno-de-unidad-evangelica","status":"publish","type":"post","link":"https:\/\/zonaroja.com.mx\/?p=68823","title":{"rendered":"Renueva mesa directiva el Consejo Oaxaque\u00f1o de Unidad Evang\u00e9lica"},"content":{"rendered":"\n<p>Ismael Garc\u00eda M.\/Zona Roja.<\/p>\n\n\n\n<p>Oaxaca de Ju\u00e1rez, Oax., a 28 de mayo de 2024.- El Consejo Oaxaque\u00f1o de Unidad Evang\u00e9lica renov\u00f3 su mesa directiva, que dirige como presidente V\u00edctor Escobar Vel\u00e1squez.<\/p>\n\n\n\n<p>Asimismo, est\u00e1 conformada por Hern\u00e1n Cort\u00e9s Mart\u00ednez, como vocal n\u00famero dos; Rosendo Ignacio Osorio Mart\u00ednez, vocal n\u00famero uno; Gabriel Borbolla Segura, tesorero, y Jos\u00e9 Ald\u00edvar R\u00edos, vicepresidente.<\/p>\n\n\n\n<p>El encuentro se efectu\u00f3 ayer lunes y la toma de protesta estuvo a cargo del pastor Rafael Salinas Su\u00e1rez.<\/p>\n\n\n\n<p>Previo a ello, el presidente saliente, El\u00edas Betanzos, agradeci\u00f3 la confianza de la comunidad evang\u00e9lica que le confiri\u00f3 dicha responsabilidad.<\/p>\n\n\n\n<p>Convoc\u00f3 asimismo reforzar el mensaje de paz que se predica en las iglesias hacia la poblaci\u00f3n en general, con la finalidad de contribuir a la tranquilidad en el estado.<\/p>\n\n\n\n<p>\u201cVamos a hacernos escuchar; si alguien tiene la capacidad de leudar, de influenciar, es el pueblo cristiano; as\u00ed que vamos a iniciar una revoluci\u00f3n que esperamos traiga mucho bienestar\u201d, dijo.<\/p>\n\n\n\n<p>Llam\u00f3 a respaldar y apoyar en todo a la nueva mesa directiva del Consejo Oaxaque\u00f1o de Unidad Evang\u00e9lica.<\/p>\n\n\n\n<p>Por su parte, el nuevo dirigente, V\u00edctor Escobar Vel\u00e1squez, originario de Santo Domingo Zanatepec, expuso que asume la encomienda con mucha responsabilidad.<\/p>\n\n\n\n<p>\u201cMi humilde oraci\u00f3n y sugerencia es que hagamos todo lo que est\u00e9 de parte de nosotros, para poder estar llamado, suplicando, insistiendo, hacia la unidad de toda la iglesia evang\u00e9lica del estado\u201d, expuso.<\/p>\n\n\n\n<p>El Consejo Oaxaque\u00f1o de Unidad Evang\u00e9lica aglutina a congregaciones cristianas de la entidad sin distingos de denominaci\u00f3n y busca promover y fortalecer la difusi\u00f3n del mensaje de la Biblia y de Jesucristo a las personas en general.<\/p>\n\n\n\n<figure class=\"wp-block-embed is-type-rich is-provider-twitter wp-block-embed-twitter\"><div class=\"wp-block-embed__wrapper\">\n<div class=\"twitter-tweet\"><blockquote class=\"twitter-tweet\" data-lang=\"es\"><p lang=\"es\" dir=\"ltr\">2. Este es el mensaje del presidente saliente del Consejo Oaxaque\u00f1o de Unidad Evang\u00e9lica, El\u00edas Betanzos (<a href=\"https:\/\/twitter.com\/EliasBetanzos?ref_src=twsrc%5Etfw\">@EliasBetanzos<\/a>), ante la comunidad cristiana de diversas regiones del estado. <br><br>Y el mensaje del presidente saliente, V\u00edctor Escobar Vel\u00e1squez, quien convoc\u00f3 a fortalecer la\u2026 <a href=\"https:\/\/t.co\/pQ4wb5fhoB\">pic.twitter.com\/pQ4wb5fhoB<\/a><\/p>&mdash; Zona Roja Oaxaca (@ZonaRoja_Oaxaca) <a href=\"https:\/\/twitter.com\/ZonaRoja_Oaxaca\/status\/1795171747907461403?ref_src=twsrc%5Etfw\">27 de mayo de 2024<\/a><\/blockquote><\/div>\n<\/div><\/figure>\n","protected":false},"excerpt":{"rendered":"<p>Ismael Garc\u00eda M.\/Zona Roja. Oaxaca de Ju\u00e1rez, Oax., a 28 de mayo de 2024.- El&hellip;<\/p>\n","protected":false},"author":2,"featured_media":68824,"comment_status":"closed","ping_status":"open","sticky":false,"template":"","format":"standard","meta":{"_lmt_disableupdate":"","_lmt_disable":"","_jetpack_memberships_contains_paid_content":false,"footnotes":""},"categories":[109,46],"tags":[3952],"class_list":["post-68823","post","type-post","status-publish","format-standard","has-post-thumbnail","hentry","category-minuto-a-minuto","category-zona-blanca","tag-consejo-oaxaqueno-de-unidad-evangelica"],"jetpack_featured_media_url":"https:\/\/zonaroja.com.mx\/wp-content\/uploads\/2024\/05\/Consejo-Oaxaqueno-de-Unidad-Evangelica.jpg","jetpack_sharing_enabled":true,"_links":{"self":[{"href":"https:\/\/zonaroja.com.mx\/index.php?rest_route=\/wp\/v2\/posts\/68823","targetHints":{"allow":["GET"]}}],"collection":[{"href":"https:\/\/zonaroja.com.mx\/index.php?rest_route=\/wp\/v2\/posts"}],"about":[{"href":"https:\/\/zonaroja.com.mx\/index.php?rest_route=\/wp\/v2\/types\/post"}],"author":[{"embeddable":true,"href":"https:\/\/zonaroja.com.mx\/index.php?rest_route=\/wp\/v2\/users\/2"}],"replies":[{"embeddable":true,"href":"https:\/\/zonaroja.com.mx\/index.php?rest_route=%2Fwp%2Fv2%2Fcomments&post=68823"}],"version-history":[{"count":1,"href":"https:\/\/zonaroja.com.mx\/index.php?rest_route=\/wp\/v2\/posts\/68823\/revisions"}],"predecessor-version":[{"id":68825,"href":"https:\/\/zonaroja.com.mx\/index.php?rest_route=\/wp\/v2\/posts\/68823\/revisions\/68825"}],"wp:featuredmedia":[{"embeddable":true,"href":"https:\/\/zonaroja.com.mx\/index.php?rest_route=\/wp\/v2\/media\/68824"}],"wp:attachment":[{"href":"https:\/\/zonaroja.com.mx\/index.php?rest_route=%2Fwp%2Fv2%2Fmedia&parent=68823"}],"wp:term":[{"taxonomy":"category","embeddable":true,"href":"https:\/\/zonaroja.com.mx\/index.php?rest_route=%2Fwp%2Fv2%2Fcategories&post=68823"},{"taxonomy":"post_tag","embeddable":true,"href":"https:\/\/zonaroja.com.mx\/index.php?rest_route=%2Fwp%2Fv2%2Ftags&post=68823"}],"curies":[{"name":"wp","href":"https:\/\/api.w.org\/{rel}","templated":true}]}}