{"id":68826,"date":"2024-05-28T11:47:00","date_gmt":"2024-05-28T17:47:00","guid":{"rendered":"https:\/\/zonaroja.com.mx\/?p=68826"},"modified":"2024-05-28T08:48:13","modified_gmt":"2024-05-28T14:48:13","slug":"atrae-consejo-distrital-atribuciones-del-consejo-municipal-de-santa-cruz-amilpas","status":"publish","type":"post","link":"https:\/\/zonaroja.com.mx\/?p=68826","title":{"rendered":"Atrae Consejo Distrital atribuciones del Consejo Municipal de Santa Cruz Amilpas\u00a0"},"content":{"rendered":"\n<p>Redacci\u00f3n\/Zona Roja.<\/p>\n\n\n\n<p>Oaxaca de Ju\u00e1rez, Oax., a 28 de mayo de 2024.- El Consejo General del Instituto Estatal Electoral y de Participaci\u00f3n Ciudadana de Oaxaca, aprob\u00f3 en Sesi\u00f3n Extraordinaria Urgente, el acuerdo por el que el instituto ejerci\u00f3 la facultad de atracci\u00f3n de atribuciones y funciones del Consejo Municipal Electoral de &nbsp;Santa Cruz Amilpas.&nbsp;<\/p>\n\n\n\n<p>Esto con el objetivo de garantizar la continuidad en los trabajos para el desarrollo del Proceso Electoral Ordinario 2023-2024, rumbo a la jornada electoral a realizarse el 2 de junio y con base en la Ley de Instituciones y Procedimientos Electorales del Estado de Oaxaca, por lo que ser\u00e1 el 12 Consejo Distrital Electoral con cabecera en Santa Luc\u00eda del Camino el que tome las atribuciones y funciones del Consejo municipal referido.<\/p>\n\n\n\n<p>De igual forma, se aprob\u00f3 el Procedimiento para la Recepci\u00f3n, Traslado y Resguardo de la paqueter\u00eda y documentaci\u00f3n electoral del voto de las oaxaque\u00f1as y oaxaque\u00f1os residentes en el Extranjero, para el Proceso Electoral Local Ordinario 2023- 2024.&nbsp;<\/p>\n\n\n\n<p>De las elecciones celebradas en San Antonio Acutla, San Pedro Nopala, &nbsp;Santiago Tepetlapa y La Trinidad Vista Hermosa, as\u00ed como la elecci\u00f3n extraordinaria de la Concejal\u00eda propietaria de la Regidur\u00eda Agropecuaria del Ayuntamiento de San Mateo Yucutindo\u00f3, la Regidur\u00eda de Hacienda del Ayuntamiento de San Pablo Macuiltianguis, la Concejal\u00eda suplente de la Regidur\u00eda de Salud del Ayuntamiento de Teococuilco de Marcos P\u00e9rez y de la Concejal\u00eda propietaria de la Regidur\u00eda de Obras del Ayuntamiento de Santo Domingo Tomaltepec; el Consejo General las declar\u00f3 jur\u00eddicamente v\u00e1lidas.&nbsp;<\/p>\n\n\n\n<p>Tambi\u00e9n se aprob\u00f3 &nbsp;la Terminaci\u00f3n Anticipada de Mandato (TAM) de la Concejal\u00eda propietaria de la Regidur\u00eda de Hacienda, electa en el a\u00f1o 2022, del Ayuntamiento de Santa Mar\u00eda Yucuhiti.<\/p>\n","protected":false},"excerpt":{"rendered":"<p>Redacci\u00f3n\/Zona Roja. Oaxaca de Ju\u00e1rez, Oax., a 28 de mayo de 2024.- El Consejo General&hellip;<\/p>\n","protected":false},"author":2,"featured_media":68124,"comment_status":"closed","ping_status":"open","sticky":false,"template":"","format":"standard","meta":{"_lmt_disableupdate":"","_lmt_disable":"","_jetpack_memberships_contains_paid_content":false,"footnotes":""},"categories":[109,46],"tags":[2932],"class_list":["post-68826","post","type-post","status-publish","format-standard","has-post-thumbnail","hentry","category-minuto-a-minuto","category-zona-blanca","tag-instituto-estatal-electoral-y-de-participacion-ciudadana-de-oaxaca-ieepco"],"jetpack_featured_media_url":"https:\/\/zonaroja.com.mx\/wp-content\/uploads\/2024\/05\/IEEPCO-1.jpg","jetpack_sharing_enabled":true,"_links":{"self":[{"href":"https:\/\/zonaroja.com.mx\/index.php?rest_route=\/wp\/v2\/posts\/68826","targetHints":{"allow":["GET"]}}],"collection":[{"href":"https:\/\/zonaroja.com.mx\/index.php?rest_route=\/wp\/v2\/posts"}],"about":[{"href":"https:\/\/zonaroja.com.mx\/index.php?rest_route=\/wp\/v2\/types\/post"}],"author":[{"embeddable":true,"href":"https:\/\/zonaroja.com.mx\/index.php?rest_route=\/wp\/v2\/users\/2"}],"replies":[{"embeddable":true,"href":"https:\/\/zonaroja.com.mx\/index.php?rest_route=%2Fwp%2Fv2%2Fcomments&post=68826"}],"version-history":[{"count":1,"href":"https:\/\/zonaroja.com.mx\/index.php?rest_route=\/wp\/v2\/posts\/68826\/revisions"}],"predecessor-version":[{"id":68827,"href":"https:\/\/zonaroja.com.mx\/index.php?rest_route=\/wp\/v2\/posts\/68826\/revisions\/68827"}],"wp:featuredmedia":[{"embeddable":true,"href":"https:\/\/zonaroja.com.mx\/index.php?rest_route=\/wp\/v2\/media\/68124"}],"wp:attachment":[{"href":"https:\/\/zonaroja.com.mx\/index.php?rest_route=%2Fwp%2Fv2%2Fmedia&parent=68826"}],"wp:term":[{"taxonomy":"category","embeddable":true,"href":"https:\/\/zonaroja.com.mx\/index.php?rest_route=%2Fwp%2Fv2%2Fcategories&post=68826"},{"taxonomy":"post_tag","embeddable":true,"href":"https:\/\/zonaroja.com.mx\/index.php?rest_route=%2Fwp%2Fv2%2Ftags&post=68826"}],"curies":[{"name":"wp","href":"https:\/\/api.w.org\/{rel}","templated":true}]}}