{"id":6883,"date":"2019-12-22T21:13:53","date_gmt":"2019-12-23T03:13:53","guid":{"rendered":"http:\/\/www.zonaroja.com.mx\/?p=6883"},"modified":"2019-12-22T21:13:57","modified_gmt":"2019-12-23T03:13:57","slug":"mes-y-medio-despues-entregan-apoyos-por-policias-asesinados-en-coatlan","status":"publish","type":"post","link":"https:\/\/zonaroja.com.mx\/?p=6883","title":{"rendered":"Mes y medio despu\u00e9s, entregan apoyos por polic\u00edas asesinados en Coatl\u00e1n"},"content":{"rendered":"\n<p>Redacci\u00f3n\/Zona\nRoja.<\/p>\n\n\n\n<p>Oaxaca de\nJu\u00e1rez, Oax., 22 de diciembre de 2019.- Un mes y medio despu\u00e9s de la emboscada\ny asesinato de cinco elementos de la Polic\u00eda Estatal en San Vicente Coatl\u00e1n, la\nSecretar\u00eda de Seguridad P\u00fablica (SSPO) entreg\u00f3 los apoyos econ\u00f3micos a los\ndeudos.<\/p>\n\n\n\n<p>En un\ncomunicado, el Gobierno del Estado inform\u00f3 que se otorgaron los cheques\ncorrespondientes al seguro de vida a las familias de los cinco elementos ca\u00eddos\nen el cumplimiento de su deber.<\/p>\n\n\n\n<p>Los\nhechos sucedieron el pasado 8 de noviembre y hasta el momento la masacre\ncontin\u00faa en la impunidad, pues hasta el momento la Fiscal\u00eda General del Estado\nno tiene ning\u00fan avance en las investigaciones.<\/p>\n\n\n\n<p>En el comunicado,\nse inform\u00f3 que el titular de la SSPO, Ra\u00fal Ernesto Salcedo Rosales, se reuni\u00f3 con\nlos deudos y familiares, a quienes reiter\u00f3 &nbsp;su compromiso de seguir brind\u00e1ndoles el apoyo\nlegal, moral y psicol\u00f3gico que sea necesario.<\/p>\n\n\n\n<p>Asimismo,\nindic\u00f3 que es inter\u00e9s de la corporaci\u00f3n y del gobernador Alejandro Murat\nHinojosa seguir apoy\u00e1ndolos en todo momento.<\/p>\n\n\n\n<p>\u201cPor su\nparte, las familias de los cinco elementos de la Polic\u00eda Estatal, agradecieron\nel compromiso que el mandatario estatal mantiene con cada una de ellas, as\u00ed\ncomo en el esclarecimiento para que dicho acto no quede impune\u201d, se\u00f1al\u00f3.<\/p>\n","protected":false},"excerpt":{"rendered":"<p>Redacci\u00f3n\/Zona Roja. Oaxaca de Ju\u00e1rez, Oax., 22 de diciembre de 2019.- Un mes y medio&hellip;<\/p>\n","protected":false},"author":2,"featured_media":5578,"comment_status":"closed","ping_status":"open","sticky":false,"template":"","format":"standard","meta":{"_lmt_disableupdate":"","_lmt_disable":"","_jetpack_memberships_contains_paid_content":false,"footnotes":""},"categories":[109,47],"tags":[981],"class_list":["post-6883","post","type-post","status-publish","format-standard","has-post-thumbnail","hentry","category-minuto-a-minuto","category-zona-gris","tag-emboscada-policias-san-vicente-coatlan"],"jetpack_featured_media_url":"https:\/\/zonaroja.com.mx\/wp-content\/uploads\/2019\/11\/Masacre-polic\u00edas-Coatl\u00e1n-4.jpg","jetpack_sharing_enabled":true,"_links":{"self":[{"href":"https:\/\/zonaroja.com.mx\/index.php?rest_route=\/wp\/v2\/posts\/6883","targetHints":{"allow":["GET"]}}],"collection":[{"href":"https:\/\/zonaroja.com.mx\/index.php?rest_route=\/wp\/v2\/posts"}],"about":[{"href":"https:\/\/zonaroja.com.mx\/index.php?rest_route=\/wp\/v2\/types\/post"}],"author":[{"embeddable":true,"href":"https:\/\/zonaroja.com.mx\/index.php?rest_route=\/wp\/v2\/users\/2"}],"replies":[{"embeddable":true,"href":"https:\/\/zonaroja.com.mx\/index.php?rest_route=%2Fwp%2Fv2%2Fcomments&post=6883"}],"version-history":[{"count":1,"href":"https:\/\/zonaroja.com.mx\/index.php?rest_route=\/wp\/v2\/posts\/6883\/revisions"}],"predecessor-version":[{"id":6884,"href":"https:\/\/zonaroja.com.mx\/index.php?rest_route=\/wp\/v2\/posts\/6883\/revisions\/6884"}],"wp:featuredmedia":[{"embeddable":true,"href":"https:\/\/zonaroja.com.mx\/index.php?rest_route=\/wp\/v2\/media\/5578"}],"wp:attachment":[{"href":"https:\/\/zonaroja.com.mx\/index.php?rest_route=%2Fwp%2Fv2%2Fmedia&parent=6883"}],"wp:term":[{"taxonomy":"category","embeddable":true,"href":"https:\/\/zonaroja.com.mx\/index.php?rest_route=%2Fwp%2Fv2%2Fcategories&post=6883"},{"taxonomy":"post_tag","embeddable":true,"href":"https:\/\/zonaroja.com.mx\/index.php?rest_route=%2Fwp%2Fv2%2Ftags&post=6883"}],"curies":[{"name":"wp","href":"https:\/\/api.w.org\/{rel}","templated":true}]}}