{"id":68835,"date":"2024-05-28T19:23:01","date_gmt":"2024-05-29T01:23:01","guid":{"rendered":"https:\/\/zonaroja.com.mx\/?p=68835"},"modified":"2024-05-28T19:23:03","modified_gmt":"2024-05-29T01:23:03","slug":"detiene-fiscalia-de-oaxaca-a-un-presunto-autor-de-homicidios-en-amoltepec","status":"publish","type":"post","link":"https:\/\/zonaroja.com.mx\/?p=68835","title":{"rendered":"Detiene Fiscal\u00eda de Oaxaca a un presunto autor de homicidios en Amoltepec"},"content":{"rendered":"\n<p>Ismael Garc\u00eda M.\/Zona Roja.<\/p>\n\n\n\n<p>Oaxaca de Ju\u00e1rez, Oax., a 28 de mayo de 2024.- Una persona del sexo masculino fue detenida este martes en Santiago Amoltepec, como uno de los probables autores del asesinato de tres personas, confirmaron fuentes de la Fiscal\u00eda General del Estado de Oaxaca (FGEO).<\/p>\n\n\n\n<p>La persona aprehendida ser\u00eda un hermano de Artemio P\u00e9rez Roque, uno de los l\u00edderes de la comunidad de Piedra del Tambor, acusado por la autoridad municipal de encabezar a un grupo armado que ha generado violencia en la zona.<\/p>\n\n\n\n<p>Mientras tanto, este martes tambi\u00e9n, la Fiscal\u00eda General confirm\u00f3 que ascendi\u00f3 a tres el n\u00famero de personas fallecidas a causa de disparos de armas de fuego en Amoltepec, hechos sucedidos ayer por la tarde.<\/p>\n\n\n\n<p>\u201cDerivado de los trabajos en campo que realiza FGEO, se estableci\u00f3 que durante la madrugada de este martes, se confirm\u00f3 el fallecimiento de una persona del sexo masculino, con lo que suman tres v\u00edctimas por dicha agresi\u00f3n.<\/p>\n\n\n\n<p>\u201cEn tanto, un equipo multidisciplinario de la Fiscal\u00eda de Oaxaca inici\u00f3 las labores ministeriales y periciales en el lugar para fortalecer las investigaciones por el caso, trabajos que se llevan a cabo en coordinaci\u00f3n con la Agencia Estatal de Investigaciones (AEI), la Secretar\u00eda de Seguridad y Protecci\u00f3n Ciudadana, as\u00ed como la Guardia Nacional y la Secretar\u00eda de la Defensa Nacional (Sedena).<\/p>\n\n\n\n<p>En otro comunicado, precis\u00f3 que trabaja en el fortalecimiento de la paz en la zona de Amoltepec y se ha garantizado la seguridad de los habitantes de ese municipio de la regi\u00f3n Sierra Sur del estado.<\/p>\n","protected":false},"excerpt":{"rendered":"<p>Ismael Garc\u00eda M.\/Zona Roja. Oaxaca de Ju\u00e1rez, Oax., a 28 de mayo de 2024.- Una&hellip;<\/p>\n","protected":false},"author":2,"featured_media":68836,"comment_status":"closed","ping_status":"open","sticky":false,"template":"","format":"standard","meta":{"_lmt_disableupdate":"","_lmt_disable":"","_jetpack_memberships_contains_paid_content":false,"footnotes":""},"categories":[109,47],"tags":[860],"class_list":["post-68835","post","type-post","status-publish","format-standard","has-post-thumbnail","hentry","category-minuto-a-minuto","category-zona-gris","tag-santiago-amoltepec"],"jetpack_featured_media_url":"https:\/\/zonaroja.com.mx\/wp-content\/uploads\/2024\/05\/Santiago-Amoltepec.jpeg","jetpack_sharing_enabled":true,"_links":{"self":[{"href":"https:\/\/zonaroja.com.mx\/index.php?rest_route=\/wp\/v2\/posts\/68835","targetHints":{"allow":["GET"]}}],"collection":[{"href":"https:\/\/zonaroja.com.mx\/index.php?rest_route=\/wp\/v2\/posts"}],"about":[{"href":"https:\/\/zonaroja.com.mx\/index.php?rest_route=\/wp\/v2\/types\/post"}],"author":[{"embeddable":true,"href":"https:\/\/zonaroja.com.mx\/index.php?rest_route=\/wp\/v2\/users\/2"}],"replies":[{"embeddable":true,"href":"https:\/\/zonaroja.com.mx\/index.php?rest_route=%2Fwp%2Fv2%2Fcomments&post=68835"}],"version-history":[{"count":1,"href":"https:\/\/zonaroja.com.mx\/index.php?rest_route=\/wp\/v2\/posts\/68835\/revisions"}],"predecessor-version":[{"id":68837,"href":"https:\/\/zonaroja.com.mx\/index.php?rest_route=\/wp\/v2\/posts\/68835\/revisions\/68837"}],"wp:featuredmedia":[{"embeddable":true,"href":"https:\/\/zonaroja.com.mx\/index.php?rest_route=\/wp\/v2\/media\/68836"}],"wp:attachment":[{"href":"https:\/\/zonaroja.com.mx\/index.php?rest_route=%2Fwp%2Fv2%2Fmedia&parent=68835"}],"wp:term":[{"taxonomy":"category","embeddable":true,"href":"https:\/\/zonaroja.com.mx\/index.php?rest_route=%2Fwp%2Fv2%2Fcategories&post=68835"},{"taxonomy":"post_tag","embeddable":true,"href":"https:\/\/zonaroja.com.mx\/index.php?rest_route=%2Fwp%2Fv2%2Ftags&post=68835"}],"curies":[{"name":"wp","href":"https:\/\/api.w.org\/{rel}","templated":true}]}}