{"id":68838,"date":"2024-05-28T20:59:49","date_gmt":"2024-05-29T02:59:49","guid":{"rendered":"https:\/\/zonaroja.com.mx\/?p=68838"},"modified":"2024-05-28T20:59:51","modified_gmt":"2024-05-29T02:59:51","slug":"convoca-gobernador-a-oaxaqueno-a-salir-a-votar-garantiza-seguridad","status":"publish","type":"post","link":"https:\/\/zonaroja.com.mx\/?p=68838","title":{"rendered":"Convoca gobernador a oaxaque\u00f1o a salir a votar; garantiza seguridad"},"content":{"rendered":"\n<p>Raymundo Morales\/Zona Roja.<\/p>\n\n\n\n<p>Oaxaca de Ju\u00e1rez, Oax., a 28 de mayo de 2024.- \u201cQue sea un d\u00eda de fiesta c\u00edvica, de alegr\u00eda, en el que todas y todos cumplamos con nuestra responsabilidad\u201d, expres\u00f3 el gobernador de Oaxaca, Salom\u00f3n Jara Cruz, al llamar a la ciudadan\u00eda a acudir a votar este 2 de junio.<\/p>\n\n\n\n<p>En un mensaje que emiti\u00f3 al iniciar su conferencia de prensa semanal, el mandatario estatal garantiz\u00f3 que hay y habr\u00e1 condiciones de seguridad para la jornada del pr\u00f3ximo domingo.<\/p>\n\n\n\n<p>\u201cA las y los oaxaque\u00f1os, les aseguramos que la jornada electoral transcurrir\u00e1 en paz y con tranquilidad, nuestro gobierno tiene el compromiso y la capacidad para garantizar la seguridad en cada una de las casillas que se habr\u00e1n de instalar en el estado\u201d, abund\u00f3.<\/p>\n\n\n\n<p>A los actores pol\u00edticos, los convoc\u00f3 a respetar la normatividad, las reglas, las leyes y actuar a la altura del pueblo, con responsabilidad, a quien les est\u00e1 pidiendo el voto.<\/p>\n\n\n\n<p>\u201cNo hay espacio para la intolerancia ni para la violencia; no habr\u00e1 tolerancia ni margen para la impunidad; Oaxaca cumplir\u00e1 su cita con el proceso democr\u00e1tico\u201d, manifest\u00f3.<\/p>\n\n\n\n<p>Desde el Centro Cultural y de Convenciones de Oaxaca (CCCO), en Santa Mar\u00eda Ixcotel, Jara Cruz confi\u00f3 en que las y los oaxaque\u00f1os saldr\u00e1n a cumplir con su deber c\u00edvico.<\/p>\n\n\n\n<p>Por otra parte, en el marco de la conferencia de prensa, titulares de diversas \u00e1reas dieron informes acerca de la situaci\u00f3n en diversos temas.<\/p>\n\n\n\n<p>La Comisi\u00f3n Estatal Forestal (Coesfo) dio a conocer que en la entidad se tienen 14 incendios, de los cuales ocho est\u00e1n controlados, tres liquidados y tres reactivados.<\/p>\n\n\n\n<p>Asimismo, ante las olas de calor que se han presentado en la entidad, Servicios de Salud de Oaxaca dio a conocer que en la semana epidemiol\u00f3gica n\u00famero 20, la entidad tiene acumulado 18 casos asociados a temperaturas naturales extremas, de las cuales se confirmaron cuatro defunciones.<\/p>\n\n\n\n<p>Tambi\u00e9n se inform\u00f3 que para hacer frente a la temporada de lluvias y ciclones, en d\u00edas pasados se llev\u00f3 a cabo la instalaci\u00f3n del Consejo Estatal de Protecci\u00f3n Civil integrado por el gabinete legal y ampliado, representantes del gobierno federal, instituciones armadas y autoridades municipales.&nbsp;<\/p>\n\n\n\n<p>De igual manera el Instituto Estatal de Educaci\u00f3n P\u00fablica de Oaxaca (IEEPO) dio a conocer los avances que se tiene en atenci\u00f3n a las demandas de la Secci\u00f3n XXII del Sindicato Nacional de Trabajadores de la Educaci\u00f3n (SNTE).<\/p>\n\n\n\n<p>Destac\u00f3 las cinco mil 476 plazas generadas por incidencias, vacancias, nuevas necesidades y normalistas egresados en 2023 y 2024; la construcci\u00f3n de la Ley Estatal de Educaci\u00f3n y la atenci\u00f3n en diversos rubros para garantizar los derechos del alumnado, personas trabajadoras al servicio de la educaci\u00f3n y docentes jubilados.&nbsp;<\/p>\n\n\n\n<p>Durante esta conferencia, la Secretar\u00eda de Turismo (Sectur) de Oaxaca dio a conocer las actividades que enmarcar\u00e1n los Lunes del Cerro que se llevar\u00e1n a cabo el 22 y 29 de julio, y que estar\u00e1 conformado por programas culturales encabezados por las secretar\u00edas de las Culturas y Artes de Oaxaca (Seculta), y de Interculturalidad, Pueblos y Comunidades Ind\u00edgenas y Afromexicanas (SIPCIA).<\/p>\n\n\n\n<p>Se dijo que del 19 al 29 de julio se espera el arribo a la capital oaxaque\u00f1a de m\u00e1s de 139 mil visitantes nacionales y extranjeros, que generar\u00e1n una ocupaci\u00f3n hotelera promedia del 81.32 por ciento y una derrama aproximada de 517 millones de pesos.<\/p>\n","protected":false},"excerpt":{"rendered":"<p>Raymundo Morales\/Zona Roja. Oaxaca de Ju\u00e1rez, Oax., a 28 de mayo de 2024.- \u201cQue sea&hellip;<\/p>\n","protected":false},"author":2,"featured_media":68839,"comment_status":"closed","ping_status":"open","sticky":false,"template":"","format":"standard","meta":{"_lmt_disableupdate":"","_lmt_disable":"","_jetpack_memberships_contains_paid_content":false,"footnotes":""},"categories":[109,46],"tags":[939],"class_list":["post-68838","post","type-post","status-publish","format-standard","has-post-thumbnail","hentry","category-minuto-a-minuto","category-zona-blanca","tag-salomon-jara-cruz"],"jetpack_featured_media_url":"https:\/\/zonaroja.com.mx\/wp-content\/uploads\/2024\/05\/Gobernador-Salomon-Jara-conferencia.jpg","jetpack_sharing_enabled":true,"_links":{"self":[{"href":"https:\/\/zonaroja.com.mx\/index.php?rest_route=\/wp\/v2\/posts\/68838","targetHints":{"allow":["GET"]}}],"collection":[{"href":"https:\/\/zonaroja.com.mx\/index.php?rest_route=\/wp\/v2\/posts"}],"about":[{"href":"https:\/\/zonaroja.com.mx\/index.php?rest_route=\/wp\/v2\/types\/post"}],"author":[{"embeddable":true,"href":"https:\/\/zonaroja.com.mx\/index.php?rest_route=\/wp\/v2\/users\/2"}],"replies":[{"embeddable":true,"href":"https:\/\/zonaroja.com.mx\/index.php?rest_route=%2Fwp%2Fv2%2Fcomments&post=68838"}],"version-history":[{"count":1,"href":"https:\/\/zonaroja.com.mx\/index.php?rest_route=\/wp\/v2\/posts\/68838\/revisions"}],"predecessor-version":[{"id":68840,"href":"https:\/\/zonaroja.com.mx\/index.php?rest_route=\/wp\/v2\/posts\/68838\/revisions\/68840"}],"wp:featuredmedia":[{"embeddable":true,"href":"https:\/\/zonaroja.com.mx\/index.php?rest_route=\/wp\/v2\/media\/68839"}],"wp:attachment":[{"href":"https:\/\/zonaroja.com.mx\/index.php?rest_route=%2Fwp%2Fv2%2Fmedia&parent=68838"}],"wp:term":[{"taxonomy":"category","embeddable":true,"href":"https:\/\/zonaroja.com.mx\/index.php?rest_route=%2Fwp%2Fv2%2Fcategories&post=68838"},{"taxonomy":"post_tag","embeddable":true,"href":"https:\/\/zonaroja.com.mx\/index.php?rest_route=%2Fwp%2Fv2%2Ftags&post=68838"}],"curies":[{"name":"wp","href":"https:\/\/api.w.org\/{rel}","templated":true}]}}